{"id":1015,"date":"2016-06-25T00:41:46","date_gmt":"2016-06-25T03:41:46","guid":{"rendered":"https:\/\/pcce.com.ar\/pcce\/?p=1015"},"modified":"2016-06-25T00:41:46","modified_gmt":"2016-06-25T03:41:46","slug":"el-himno-de-los-trabajadores-la-internacional","status":"publish","type":"post","link":"https:\/\/pcce.com.ar\/pcce\/2016\/06\/25\/el-himno-de-los-trabajadores-la-internacional\/","title":{"rendered":"EL HIMNO DE LOS TRABAJADORES: La Internacional"},"content":{"rendered":"<div class=\"story\">\n<p class=\"basic-paragraph\">EL HIMNO DE LOS TRABAJADORES<\/p>\n<\/div>\n<div class=\"story\">\n<h1 class=\"tit-pastillas\">La Internacional<\/h1>\n<\/div>\n<div class=\"image\"><img decoding=\"async\" src=\"file:\/\/\/D:\/Users\/Estani\/Dropbox\/WEB%20PCCE\/NP_259\/NP259_DEF-web-images\/pottier_opt.jpeg\" alt=\"pottier.tif\" \/><\/div>\n<div class=\"story\">\n<p class=\"capitular-texto-gral\">Acaso la canci\u00f3n m\u00e1s cantada, en variadas versiones y en casi todos los idiomas, La Internacional, el himno revolucionario de los trabajadores del mundo, hizo decir cierta vez a Lenin: \u201cSea cual fuere el pa\u00eds en que recale un obrero consciente, fuese cual fuere el lugar a que lo empuje el destino, sea cual fuere su sentimiento de ser un extranjero, privado de idioma y de amigos, lejos de su patria, puede encontrar camaradas y amigos gracias a la canci\u00f3n familiar de La Internacional\u201d.<\/p>\n<p class=\"texto-general\">Su letra data de junio de 1871 y fue escrita por el obrero socialista franc\u00e9s Eug\u00e8ne Pottier (1816-1887), militante de la Primera Internacional y delegado de la Comuna de Par\u00eds, incluida en su obra Cantos Revolucionarios.<\/p>\n<p class=\"texto-general\">Pottier, que ya hab\u00eda participado del alzamiento obrero de 1848, logr\u00f3 escapar de las ejecuciones de la Semana Sangrienta (22 al 28 de mayo de 1871) que reprimi\u00f3 a La Comuna, exili\u00e1ndose en Inglaterra y Estados Unidos.<\/p>\n<p class=\"texto-general\">Volvi\u00f3 a Francia en 1879 tras la amnist\u00eda por el Centenario de la Revoluci\u00f3n Francesa y particip\u00f3 de la fundaci\u00f3n del Partido Obrero Franc\u00e9s (1882) junto al yerno de Marx, Paul Lafargue.<\/p>\n<p class=\"texto-general\">Muri\u00f3 en Paris sin llegar a ver su poes\u00eda hecha canci\u00f3n. Lenin dir\u00eda de \u00e9l: \u201cPottier muri\u00f3 en la miseria, mas dej\u00f3 levantado a su memoria un monumento imperecedero\u201d.<\/p>\n<p class=\"texto-general\">Reci\u00e9n en 1888 otro obrero marxista, el belga Pierre Degeyter (1848-1932) la musicaliz\u00f3, estren\u00e1ndose ese a\u00f1o en el Sindicato de vendedores de diarios de Lille.<\/p>\n<p class=\"texto-general\">En 1892, la Segunda Internacional conducida por Engels la hizo su Himno. En 1919, la Tercera Internacional fundada por Lenin har\u00eda lo propio, as\u00ed como la Uni\u00f3n Sovi\u00e9tica, que la tuvo como Himno hasta 1943.<\/p>\n<p class=\"texto-general\">Se cuenta que en 1927, con motivo del 10\u00ba Aniversario de la Revoluci\u00f3n de Octubre, invitado al desfile de la Plaza Roja, Degeyter estall\u00f3 de emoci\u00f3n al o\u00edr La Internacional entonada por el Ej\u00e9rcito Rojo.<\/p>\n<p class=\"texto-general\">Tambi\u00e9n cuenta Maurice Thorez, hist\u00f3rico l\u00edder del Partido Comunista Franc\u00e9s, que en el VI Congreso de la Internacional Comunista (Mosc\u00fa, 1928), Degeyter tuvo la dicha de dirigir al coro que interpret\u00f3 su canci\u00f3n.<\/p>\n<p class=\"texto-general\">La Internacional resuena en el combate de millones de camaradas del mundo. Desde memorables luchas obreras a masivos m\u00edtines revolucionarios, en barricadas y trincheras, en oscuros calabozos, ante pat\u00edbulos y fusilamientos, hasta las grandes celebraciones victoriosas -habidas y por haber- de la causa socialista mundial.<\/p>\n<p class=\"texto-general\">R.G.M.<\/p>\n<\/div>\n","protected":false},"excerpt":{"rendered":"<p>EL HIMNO DE LOS TRABAJADORES La Internacional Acaso la canci\u00f3n m\u00e1s cantada, en variadas versiones y en casi todos los idiomas, La Internacional, el himno revolucionario de los trabajadores del mundo, hizo decir cierta vez a Lenin: \u201cSea cual fuere el pa\u00eds en que recale un obrero consciente, fuese cual fuere el lugar a que [&hellip;]<\/p>\n","protected":false},"author":1,"featured_media":1011,"comment_status":"closed","ping_status":"closed","sticky":false,"template":"","format":"standard","meta":{"tdm_status":"","tdm_grid_status":"","footnotes":""},"categories":[17],"tags":[],"class_list":["post-1015","post","type-post","status-publish","format-standard","has-post-thumbnail","hentry","category-contratapa"],"_links":{"self":[{"href":"https:\/\/pcce.com.ar\/pcce\/wp-json\/wp\/v2\/posts\/1015","targetHints":{"allow":["GET"]}}],"collection":[{"href":"https:\/\/pcce.com.ar\/pcce\/wp-json\/wp\/v2\/posts"}],"about":[{"href":"https:\/\/pcce.com.ar\/pcce\/wp-json\/wp\/v2\/types\/post"}],"author":[{"embeddable":true,"href":"https:\/\/pcce.com.ar\/pcce\/wp-json\/wp\/v2\/users\/1"}],"replies":[{"embeddable":true,"href":"https:\/\/pcce.com.ar\/pcce\/wp-json\/wp\/v2\/comments?post=1015"}],"version-history":[{"count":0,"href":"https:\/\/pcce.com.ar\/pcce\/wp-json\/wp\/v2\/posts\/1015\/revisions"}],"wp:featuredmedia":[{"embeddable":true,"href":"https:\/\/pcce.com.ar\/pcce\/wp-json\/wp\/v2\/media\/1011"}],"wp:attachment":[{"href":"https:\/\/pcce.com.ar\/pcce\/wp-json\/wp\/v2\/media?parent=1015"}],"wp:term":[{"taxonomy":"category","embeddable":true,"href":"https:\/\/pcce.com.ar\/pcce\/wp-json\/wp\/v2\/categories?post=1015"},{"taxonomy":"post_tag","embeddable":true,"href":"https:\/\/pcce.com.ar\/pcce\/wp-json\/wp\/v2\/tags?post=1015"}],"curies":[{"name":"wp","href":"https:\/\/api.w.org\/{rel}","templated":true}]}}