{"id":1326,"date":"2016-08-29T22:23:21","date_gmt":"2016-08-30T01:23:21","guid":{"rendered":"https:\/\/pcce.com.ar\/pcce\/?p=1326"},"modified":"2016-08-29T22:23:21","modified_gmt":"2016-08-30T01:23:21","slug":"con-maximo-kirchner-y-mario-secco-en-la-plata-gran-jornada-militante","status":"publish","type":"post","link":"https:\/\/pcce.com.ar\/pcce\/2016\/08\/29\/con-maximo-kirchner-y-mario-secco-en-la-plata-gran-jornada-militante\/","title":{"rendered":"Con M\u00e1ximo Kirchner y Mario Secco en La Plata  Gran jornada militante"},"content":{"rendered":"<p class=\"p1\"><span class=\"s1\">Con M\u00e1ximo Kirchner y Mario Secco en La Plata<\/span><\/p>\n<h1 class=\"p1\"><span class=\"s1\">Gran jornada militante<\/span><\/h1>\n<p class=\"p1\"><span class=\"s1\">El pasado 13 de agosto, en la Facultad de Ciencias Exactas de la Universidad Nacional de La Plata, alrededor de mil compa\u00f1eros se dieron cita para protagonizar el 1\u00ba Encuentro del Proyecto Nacional y Popular para la construcci\u00f3n del Frente Ciudadano en La Plata.<\/span><\/p>\n<p class=\"p1\"><span class=\"s1\">Reunida en doce comisiones de trabajo, la militancia kirchnerista platense debati\u00f3 una amplia tem\u00e1tica: Pol\u00edtica Econ\u00f3mica, Organizaci\u00f3n Comunitaria y Social, Organizaci\u00f3n Sindical, Arte y Cultura, Pol\u00edticas de Desarrollo Humano y Social, Educaci\u00f3n, Salud, Estrategias de Comunicaci\u00f3n, Obras y Servicios P\u00fablicos, Justicia y Seguridad Democr\u00e1tica, Ciencia y Tecnolog\u00eda y Reforma Constitucional.<\/span><\/p>\n<p class=\"p1\"><span class=\"s1\">El acto de cierre del plenario fue encabezado por el compa\u00f1ero M\u00e1ximo Kirchner, flanqueado por el Intendente de Ensenada, Mario Secco y por la Concejal platense y Decana de la Facultad de Periodismo y Comunicaci\u00f3n Social de la UNLP, Florencia Saintout, entre otros dirigentes de fuerzas pol\u00edticas y sociales locales, como el Secretario General de ADULP y CTA, Octavio \u201cTato\u201d Miloni y el dirigente del SAT-SAID (Sindicato de Televisi\u00f3n), Gustavo Belingieri. Como siempre, estuvo presente el PCCE, tanto en las comisiones como en el cierre con sus flameadoras y su Secretario Regional, camarada Rodolfo M\u00f3dena, en el palco improvisado sobre las escalinatas del Departamento de F\u00edsica.<\/span><\/p>\n<p class=\"p1\"><span class=\"s1\">Ese mismo d\u00eda por la noche, el PCCE realiz\u00f3 una Pe\u00f1a en su local de calle 49 entre 17 y 18 para festejar el 90\u00ba cumplea\u00f1os del Comandante Fidel Castro, con buen\u00edsimos m\u00fasicos en vivo, choripanes y vinos, que le pusieron el broche de oro a una intensa y fruct\u00edfera jornada militante en la \u201cciudad de las diagonales\u201d y capital de la Provincia de Buenos Aires.<\/span><\/p>\n","protected":false},"excerpt":{"rendered":"<p>Con M\u00e1ximo Kirchner y Mario Secco en La Plata Gran jornada militante El pasado 13 de agosto, en la Facultad de Ciencias Exactas de la Universidad Nacional de La Plata, alrededor de mil compa\u00f1eros se dieron cita para protagonizar el 1\u00ba Encuentro del Proyecto Nacional y Popular para la construcci\u00f3n del Frente Ciudadano en La [&hellip;]<\/p>\n","protected":false},"author":1,"featured_media":1327,"comment_status":"closed","ping_status":"closed","sticky":false,"template":"","format":"standard","meta":{"tdm_status":"","tdm_grid_status":"","footnotes":""},"categories":[4,9],"tags":[],"class_list":["post-1326","post","type-post","status-publish","format-standard","has-post-thumbnail","hentry","category-featured","category-vidadepartido"],"_links":{"self":[{"href":"https:\/\/pcce.com.ar\/pcce\/wp-json\/wp\/v2\/posts\/1326","targetHints":{"allow":["GET"]}}],"collection":[{"href":"https:\/\/pcce.com.ar\/pcce\/wp-json\/wp\/v2\/posts"}],"about":[{"href":"https:\/\/pcce.com.ar\/pcce\/wp-json\/wp\/v2\/types\/post"}],"author":[{"embeddable":true,"href":"https:\/\/pcce.com.ar\/pcce\/wp-json\/wp\/v2\/users\/1"}],"replies":[{"embeddable":true,"href":"https:\/\/pcce.com.ar\/pcce\/wp-json\/wp\/v2\/comments?post=1326"}],"version-history":[{"count":0,"href":"https:\/\/pcce.com.ar\/pcce\/wp-json\/wp\/v2\/posts\/1326\/revisions"}],"wp:featuredmedia":[{"embeddable":true,"href":"https:\/\/pcce.com.ar\/pcce\/wp-json\/wp\/v2\/media\/1327"}],"wp:attachment":[{"href":"https:\/\/pcce.com.ar\/pcce\/wp-json\/wp\/v2\/media?parent=1326"}],"wp:term":[{"taxonomy":"category","embeddable":true,"href":"https:\/\/pcce.com.ar\/pcce\/wp-json\/wp\/v2\/categories?post=1326"},{"taxonomy":"post_tag","embeddable":true,"href":"https:\/\/pcce.com.ar\/pcce\/wp-json\/wp\/v2\/tags?post=1326"}],"curies":[{"name":"wp","href":"https:\/\/api.w.org\/{rel}","templated":true}]}}