{"id":1370,"date":"2016-09-11T20:59:00","date_gmt":"2016-09-11T23:59:00","guid":{"rendered":"https:\/\/pcce.com.ar\/pcce\/?p=1370"},"modified":"2016-09-11T20:59:00","modified_gmt":"2016-09-11T23:59:00","slug":"corriente-sindical-de-liberacion-entre-rios-dijo-presente","status":"publish","type":"post","link":"https:\/\/pcce.com.ar\/pcce\/2016\/09\/11\/corriente-sindical-de-liberacion-entre-rios-dijo-presente\/","title":{"rendered":"CORRIENTE SINDICAL DE LIBERACI\u00d3N: Entre R\u00edos dijo presente"},"content":{"rendered":"<p class=\"p1\">CORRIENTE SINDICAL DE LIBERACI\u00d3N<\/p>\n<h1 class=\"p1\"><span class=\"s1\">Entre R\u00edos dijo presente<\/span><\/h1>\n<p class=\"p1\"><span class=\"s1\">El viernes 2 de septiembre, un grupo de camaradas de Entre R\u00edos participamos de la Marcha Federal contra los despidos, el ajuste y los tarifazos. Como comunistas venimos participando en la CTA Entre R\u00edos no solo desde lo institucional, ocupando secretarias provinciales y locales, sino tambi\u00e9n sosteniendo el proceso de acciones que desde la CTA se han impulsado: juntada de firmas contra el tarifazo, pegatinas para instalar la Marcha Federal y participando activamente en la mesa de transporte donde se discute el precio del pasaje y el mejoramiento del servicio. Esta vez, tenemos el orgullo de que La Corriente Sindical de Liberaci\u00f3n acompa\u00f1\u00f3 con su logo en la bandera que encabez\u00f3 la columna de trabajadores de Entre R\u00edos junto a los dem\u00e1s sindicatos que la componen. Es desde este lugar, como en otros \u00e1mbitos, donde aportamos a construir la fuerza frentista que necesitamos para consolidar el liderazgo de Cristina en nuestra provincia junto con los trabajadores.<\/span><\/p>\n","protected":false},"excerpt":{"rendered":"<p>CORRIENTE SINDICAL DE LIBERACI\u00d3N Entre R\u00edos dijo presente El viernes 2 de septiembre, un grupo de camaradas de Entre R\u00edos participamos de la Marcha Federal contra los despidos, el ajuste y los tarifazos. Como comunistas venimos participando en la CTA Entre R\u00edos no solo desde lo institucional, ocupando secretarias provinciales y locales, sino tambi\u00e9n sosteniendo [&hellip;]<\/p>\n","protected":false},"author":1,"featured_media":1353,"comment_status":"closed","ping_status":"closed","sticky":false,"template":"","format":"standard","meta":{"tdm_status":"","tdm_grid_status":"","footnotes":""},"categories":[9],"tags":[],"class_list":["post-1370","post","type-post","status-publish","format-standard","has-post-thumbnail","hentry","category-vidadepartido"],"_links":{"self":[{"href":"https:\/\/pcce.com.ar\/pcce\/wp-json\/wp\/v2\/posts\/1370","targetHints":{"allow":["GET"]}}],"collection":[{"href":"https:\/\/pcce.com.ar\/pcce\/wp-json\/wp\/v2\/posts"}],"about":[{"href":"https:\/\/pcce.com.ar\/pcce\/wp-json\/wp\/v2\/types\/post"}],"author":[{"embeddable":true,"href":"https:\/\/pcce.com.ar\/pcce\/wp-json\/wp\/v2\/users\/1"}],"replies":[{"embeddable":true,"href":"https:\/\/pcce.com.ar\/pcce\/wp-json\/wp\/v2\/comments?post=1370"}],"version-history":[{"count":0,"href":"https:\/\/pcce.com.ar\/pcce\/wp-json\/wp\/v2\/posts\/1370\/revisions"}],"wp:featuredmedia":[{"embeddable":true,"href":"https:\/\/pcce.com.ar\/pcce\/wp-json\/wp\/v2\/media\/1353"}],"wp:attachment":[{"href":"https:\/\/pcce.com.ar\/pcce\/wp-json\/wp\/v2\/media?parent=1370"}],"wp:term":[{"taxonomy":"category","embeddable":true,"href":"https:\/\/pcce.com.ar\/pcce\/wp-json\/wp\/v2\/categories?post=1370"},{"taxonomy":"post_tag","embeddable":true,"href":"https:\/\/pcce.com.ar\/pcce\/wp-json\/wp\/v2\/tags?post=1370"}],"curies":[{"name":"wp","href":"https:\/\/api.w.org\/{rel}","templated":true}]}}