{"id":1374,"date":"2016-09-11T21:11:28","date_gmt":"2016-09-12T00:11:28","guid":{"rendered":"https:\/\/pcce.com.ar\/pcce\/?p=1374"},"modified":"2016-09-11T21:11:28","modified_gmt":"2016-09-12T00:11:28","slug":"abrazo-al-palacio-sarmiento-frenar-el-ajuste-en-educacion","status":"publish","type":"post","link":"https:\/\/pcce.com.ar\/pcce\/2016\/09\/11\/abrazo-al-palacio-sarmiento-frenar-el-ajuste-en-educacion\/","title":{"rendered":"ABRAZO AL PALACIO SARMIENTO: Frenar el ajuste en Educaci\u00f3n"},"content":{"rendered":"<p class=\"p1\"><span class=\"s1\">ABRAZO AL PALACIO SARMIENTO<\/span><\/p>\n<h1 class=\"p1\"><span class=\"s1\">Frenar el ajuste\u00a0<\/span><span class=\"s1\">en Educaci\u00f3n<\/span><\/h1>\n<p class=\"p1\"><span class=\"s1\">Desde que asumi\u00f3 la gesti\u00f3n PRO se vienen vaciando y cerrando Programas nacionales de inclusi\u00f3n educativa, se produjo un fuerte ajuste en el presupuesto y se redujo el personal como parte de un proceso de descentralizaci\u00f3n del Estado para dar lugar a la intromisi\u00f3n del sector privado.<\/span><\/p>\n<p class=\"p1\"><span class=\"s1\">No quedan dudas sobre la clara intenci\u00f3n del gobierno de achicar el rol del Estado, sobre todo en materia de educaci\u00f3n. Estos procedimientos dejan al desnudo que era solo un discurso de campa\u00f1a la \u201ccalidad educativa\u201d y que cada vez es m\u00e1s evidente que apuntan a una educaci\u00f3n para pocos y privada, con el modelo chileno como norte, que deja afuera a miles de chicos. La tercerizaci\u00f3n de funciones propias del ministerio en ONG y empresas como Google y Microsoft dan cuenta de ello.<\/span><\/p>\n<p class=\"p1\"><span class=\"s1\">Es en este marco que se da una nueva ola de despidos. La semana pasada notificaron la cesant\u00eda de 200 compa\u00f1eros de diferentes \u00e1reas del Ministerio. Desde ATE se organizaron diversas actividades para rechazar la medida, exigir la reincorporaci\u00f3n de los trabajadores y frenar el vaciamiento educativo. La m\u00e1s destacada fue el abrazo simb\u00f3lico al Palacio Sarmiento, el mi\u00e9rcoles 31 de agosto, con la presencia de cientos de compa\u00f1eros, Madres de Plaza de Mayo, docentes nucleados en UTE y parte de la Comisi\u00f3n Directiva de ATE Capital. Otra de las actividades que se realiz\u00f3 en funci\u00f3n de visibilizar la problem\u00e1tica, fue el escrache al ministro Esteban Bullrich y sus funcionarios en el Simposio Internacional de Educaci\u00f3n Inicial.<\/span><\/p>\n<p class=\"p1\"><span class=\"s1\">Desde el PCCE y la Corriente Sindical de Liberaci\u00f3n, venimos participando en todas las actividades; creemos que con mayor organizaci\u00f3n de los trabajadores podremos crear la fuerza necesaria para frenar la embestida neoliberal.<\/span><\/p>\n","protected":false},"excerpt":{"rendered":"<p>ABRAZO AL PALACIO SARMIENTO Frenar el ajuste\u00a0en Educaci\u00f3n Desde que asumi\u00f3 la gesti\u00f3n PRO se vienen vaciando y cerrando Programas nacionales de inclusi\u00f3n educativa, se produjo un fuerte ajuste en el presupuesto y se redujo el personal como parte de un proceso de descentralizaci\u00f3n del Estado para dar lugar a la intromisi\u00f3n del sector privado. [&hellip;]<\/p>\n","protected":false},"author":1,"featured_media":1346,"comment_status":"closed","ping_status":"closed","sticky":false,"template":"","format":"standard","meta":{"tdm_status":"","tdm_grid_status":"","footnotes":""},"categories":[4,9],"tags":[],"class_list":["post-1374","post","type-post","status-publish","format-standard","has-post-thumbnail","hentry","category-featured","category-vidadepartido"],"_links":{"self":[{"href":"https:\/\/pcce.com.ar\/pcce\/wp-json\/wp\/v2\/posts\/1374","targetHints":{"allow":["GET"]}}],"collection":[{"href":"https:\/\/pcce.com.ar\/pcce\/wp-json\/wp\/v2\/posts"}],"about":[{"href":"https:\/\/pcce.com.ar\/pcce\/wp-json\/wp\/v2\/types\/post"}],"author":[{"embeddable":true,"href":"https:\/\/pcce.com.ar\/pcce\/wp-json\/wp\/v2\/users\/1"}],"replies":[{"embeddable":true,"href":"https:\/\/pcce.com.ar\/pcce\/wp-json\/wp\/v2\/comments?post=1374"}],"version-history":[{"count":0,"href":"https:\/\/pcce.com.ar\/pcce\/wp-json\/wp\/v2\/posts\/1374\/revisions"}],"wp:featuredmedia":[{"embeddable":true,"href":"https:\/\/pcce.com.ar\/pcce\/wp-json\/wp\/v2\/media\/1346"}],"wp:attachment":[{"href":"https:\/\/pcce.com.ar\/pcce\/wp-json\/wp\/v2\/media?parent=1374"}],"wp:term":[{"taxonomy":"category","embeddable":true,"href":"https:\/\/pcce.com.ar\/pcce\/wp-json\/wp\/v2\/categories?post=1374"},{"taxonomy":"post_tag","embeddable":true,"href":"https:\/\/pcce.com.ar\/pcce\/wp-json\/wp\/v2\/tags?post=1374"}],"curies":[{"name":"wp","href":"https:\/\/api.w.org\/{rel}","templated":true}]}}