{"id":1376,"date":"2016-09-11T21:13:58","date_gmt":"2016-09-12T00:13:58","guid":{"rendered":"https:\/\/pcce.com.ar\/pcce\/?p=1376"},"modified":"2016-09-11T21:37:06","modified_gmt":"2016-09-12T00:37:06","slug":"parana-por-la-libertad-de-milagro-sala","status":"publish","type":"post","link":"https:\/\/pcce.com.ar\/pcce\/2016\/09\/11\/parana-por-la-libertad-de-milagro-sala\/","title":{"rendered":"PARAN\u00c1: Por la libertad de Milagro Sala"},"content":{"rendered":"<p class=\"p1\"><span class=\"s1\">PARAN\u00c1<\/span><\/p>\n<h1 class=\"p1\"><span class=\"s1\">Por la libertad de Milagro Sala<\/span><\/h1>\n<p class=\"p1\"><span class=\"s1\">El pasado 30 de agosto proyectamos, junto al Comit\u00e9 por la Liberaci\u00f3n de Milagro Sala, el documental \u201cMilagro en Jujuy\u201d, el cual narra la vida y obra de la l\u00edder de la Agrupaci\u00f3n Tupac Amaru.<\/span><\/p>\n<p class=\"p1\"><span class=\"s1\">La actividad se realiz\u00f3 en la Escuela Normal de Paran\u00e1 y fue declarada \u201cde inter\u00e9s institucional\u201d por la Universidad Nacional de Entre R\u00edos. Esto se enmarca en una serie de actividades semanales que lleva adelante el Comit\u00e9 en diferentes facultades de la ciudad con el objetivo de visibilizar esta problem\u00e1tica dentro de la Universidades. Prontamente estaremos solicitando a la universidad entregue un Honoris Causa a la persona de Milagro.<\/span><\/p>\n","protected":false},"excerpt":{"rendered":"<p>PARAN\u00c1 Por la libertad de Milagro Sala El pasado 30 de agosto proyectamos, junto al Comit\u00e9 por la Liberaci\u00f3n de Milagro Sala, el documental \u201cMilagro en Jujuy\u201d, el cual narra la vida y obra de la l\u00edder de la Agrupaci\u00f3n Tupac Amaru. La actividad se realiz\u00f3 en la Escuela Normal de Paran\u00e1 y fue declarada [&hellip;]<\/p>\n","protected":false},"author":1,"featured_media":1347,"comment_status":"closed","ping_status":"closed","sticky":false,"template":"","format":"standard","meta":{"tdm_status":"","tdm_grid_status":"","footnotes":""},"categories":[9],"tags":[],"class_list":["post-1376","post","type-post","status-publish","format-standard","has-post-thumbnail","hentry","category-vidadepartido"],"_links":{"self":[{"href":"https:\/\/pcce.com.ar\/pcce\/wp-json\/wp\/v2\/posts\/1376","targetHints":{"allow":["GET"]}}],"collection":[{"href":"https:\/\/pcce.com.ar\/pcce\/wp-json\/wp\/v2\/posts"}],"about":[{"href":"https:\/\/pcce.com.ar\/pcce\/wp-json\/wp\/v2\/types\/post"}],"author":[{"embeddable":true,"href":"https:\/\/pcce.com.ar\/pcce\/wp-json\/wp\/v2\/users\/1"}],"replies":[{"embeddable":true,"href":"https:\/\/pcce.com.ar\/pcce\/wp-json\/wp\/v2\/comments?post=1376"}],"version-history":[{"count":0,"href":"https:\/\/pcce.com.ar\/pcce\/wp-json\/wp\/v2\/posts\/1376\/revisions"}],"wp:featuredmedia":[{"embeddable":true,"href":"https:\/\/pcce.com.ar\/pcce\/wp-json\/wp\/v2\/media\/1347"}],"wp:attachment":[{"href":"https:\/\/pcce.com.ar\/pcce\/wp-json\/wp\/v2\/media?parent=1376"}],"wp:term":[{"taxonomy":"category","embeddable":true,"href":"https:\/\/pcce.com.ar\/pcce\/wp-json\/wp\/v2\/categories?post=1376"},{"taxonomy":"post_tag","embeddable":true,"href":"https:\/\/pcce.com.ar\/pcce\/wp-json\/wp\/v2\/tags?post=1376"}],"curies":[{"name":"wp","href":"https:\/\/api.w.org\/{rel}","templated":true}]}}