{"id":1407,"date":"2016-09-28T16:59:53","date_gmt":"2016-09-28T19:59:53","guid":{"rendered":"https:\/\/pcce.com.ar\/pcce\/?p=1407"},"modified":"2016-09-28T16:59:54","modified_gmt":"2016-09-28T19:59:54","slug":"general-rodriguez-entrega-de-carnets-y-musica","status":"publish","type":"post","link":"https:\/\/pcce.com.ar\/pcce\/2016\/09\/28\/general-rodriguez-entrega-de-carnets-y-musica\/","title":{"rendered":"GENERAL RODR\u00cdGUEZ: Entrega de carnets y m\u00fasica"},"content":{"rendered":"<div class=\"story\">\n<p class=\"basic-paragraph\"><span class=\"mayuscula\">GENERAL RODR\u00cdGUEZ<\/span><\/p>\n<\/div>\n<div class=\"story\">\n<h1 class=\"titulo-2\">Entrega de carnets\u00a0y m\u00fasica<\/h1>\n<\/div>\n<div class=\"story\">\n<p class=\"recuadro-letra-capitular\">El 10 de septiembre se llev\u00f3 a cabo en el local de nuestro Partido \u201cla Pe\u00f1a de los Comunistas\u201d. Entre los motivos de la reuni\u00f3n militante podemos citar la necesaria tarea de finanzas, la entrega de carnets a nuevos y viejos militantes y por supuesto tener una buena excusa para escuchar a nuestros compa\u00f1eros m\u00fasicos, charlar y debatir con camaradas y compa\u00f1eros de lucha. Contamos con la presencia de nuestro secretario general Pablo Pereyra y nuestro secretario local Fernando Vera.<\/p>\n<\/div>\n","protected":false},"excerpt":{"rendered":"<p>GENERAL RODR\u00cdGUEZ Entrega de carnets\u00a0y m\u00fasica El 10 de septiembre se llev\u00f3 a cabo en el local de nuestro Partido \u201cla Pe\u00f1a de los Comunistas\u201d. Entre los motivos de la reuni\u00f3n militante podemos citar la necesaria tarea de finanzas, la entrega de carnets a nuevos y viejos militantes y por supuesto tener una buena excusa [&hellip;]<\/p>\n","protected":false},"author":1,"featured_media":1394,"comment_status":"closed","ping_status":"closed","sticky":false,"template":"","format":"standard","meta":{"tdm_status":"","tdm_grid_status":"","footnotes":""},"categories":[9],"tags":[],"class_list":["post-1407","post","type-post","status-publish","format-standard","has-post-thumbnail","hentry","category-vidadepartido"],"_links":{"self":[{"href":"https:\/\/pcce.com.ar\/pcce\/wp-json\/wp\/v2\/posts\/1407","targetHints":{"allow":["GET"]}}],"collection":[{"href":"https:\/\/pcce.com.ar\/pcce\/wp-json\/wp\/v2\/posts"}],"about":[{"href":"https:\/\/pcce.com.ar\/pcce\/wp-json\/wp\/v2\/types\/post"}],"author":[{"embeddable":true,"href":"https:\/\/pcce.com.ar\/pcce\/wp-json\/wp\/v2\/users\/1"}],"replies":[{"embeddable":true,"href":"https:\/\/pcce.com.ar\/pcce\/wp-json\/wp\/v2\/comments?post=1407"}],"version-history":[{"count":0,"href":"https:\/\/pcce.com.ar\/pcce\/wp-json\/wp\/v2\/posts\/1407\/revisions"}],"wp:featuredmedia":[{"embeddable":true,"href":"https:\/\/pcce.com.ar\/pcce\/wp-json\/wp\/v2\/media\/1394"}],"wp:attachment":[{"href":"https:\/\/pcce.com.ar\/pcce\/wp-json\/wp\/v2\/media?parent=1407"}],"wp:term":[{"taxonomy":"category","embeddable":true,"href":"https:\/\/pcce.com.ar\/pcce\/wp-json\/wp\/v2\/categories?post=1407"},{"taxonomy":"post_tag","embeddable":true,"href":"https:\/\/pcce.com.ar\/pcce\/wp-json\/wp\/v2\/tags?post=1407"}],"curies":[{"name":"wp","href":"https:\/\/api.w.org\/{rel}","templated":true}]}}