{"id":1411,"date":"2016-09-28T17:06:30","date_gmt":"2016-09-28T20:06:30","guid":{"rendered":"https:\/\/pcce.com.ar\/pcce\/?p=1411"},"modified":"2016-09-28T17:07:47","modified_gmt":"2016-09-28T20:07:47","slug":"elecciones-uba-triunfo-del-kirchnerismo-en-sociales","status":"publish","type":"post","link":"https:\/\/pcce.com.ar\/pcce\/2016\/09\/28\/elecciones-uba-triunfo-del-kirchnerismo-en-sociales\/","title":{"rendered":"ELECCIONES UBA: Triunfo del kirchnerismo en Sociales"},"content":{"rendered":"<div class=\"story\">\n<p class=\"basic-paragraph\"><span class=\"mayuscula\">ELECCIONES UBA<\/span><\/p>\n<\/div>\n<div class=\"story\">\n<h1 class=\"basic-paragraph\">Triunfo del\u00a0kirchnerismo\u00a0en Sociales<\/h1>\n<\/div>\n<div class=\"story\">\n<p class=\"copete-general\">Finalizada la segunda ronda electoral de los centros de estudiantes de la UBA, el balance es que el kirchnerismo logr\u00f3 consolidar sus posiciones, principalmente en la Facultad de Cs. Sociales, donde logramos un nuevo triunfo de Proyecto Sociales.<\/p>\n<\/div>\n<div class=\"story\">\n<p class=\"capitular-texto-gral\">Aumentando la cantidad de votos y la diferencia respecto del segundo puesto (que en esta oportunidad fue de casi 30 puntos) el frente Proyecto Sociales, compuesto por una decena de fuerzas pol\u00edticas (entre ellas el PCCE con su agrupaci\u00f3n La Fidel) logr\u00f3 construir un Centro de Estudiantes presente \u201cen las aulas y en las calles\u201d y ponerse al frente del movimiento estudiantil en defensa de la Educaci\u00f3n P\u00fablica.<\/p>\n<p class=\"texto-general\">No obstante, el panorama general de la UBA plantea un escenario complejo: el \u201creformismo\u201d, que gobierna la UBA de la mano del PRO, gan\u00f3 4 de las primeras 8 elecciones con importantes porcentajes y en las facultades m\u00e1s numerosas (Econ\u00f3micas, Derecho y Medicina) y tiene serias posibilidades de avanzar en Psicolog\u00eda. De esta manera, cobra relevancia el papel que pueda jugar el kirchnerismo en Filosof\u00eda y Letras (donde salimos segundos el a\u00f1o pasado y tenemos posibilidades de crecer). Es fundamental abonar una estrategia com\u00fan, de unidad y amplitud t\u00e1ctica para enfrentar a la derecha en el terreno electoral, abandonando algunas mezquindades propias de la \u201crosca\u201d de la UBA, como tambi\u00e9n cierto oportunismo impl\u00edcito en algunos planteos disolventes que parecen hacerse eco de la ofensiva ideol\u00f3gica de todos aquellos interesados en que el kirchnerismo desaparezca de la escena.<\/p>\n<p class=\"texto-general\">En este marco, es de destacar que presentamos lista propia como PCCE en la Facultad de Derecho de la UBA, siendo los \u00fanicos que enarbolamos clara e inequ\u00edvocamente las banderas de Cristina y el Proyecto Nacional, Popular y Latinoamericano.<\/p>\n<\/div>\n","protected":false},"excerpt":{"rendered":"<p>ELECCIONES UBA Triunfo del\u00a0kirchnerismo\u00a0en Sociales Finalizada la segunda ronda electoral de los centros de estudiantes de la UBA, el balance es que el kirchnerismo logr\u00f3 consolidar sus posiciones, principalmente en la Facultad de Cs. Sociales, donde logramos un nuevo triunfo de Proyecto Sociales. Aumentando la cantidad de votos y la diferencia respecto del segundo puesto [&hellip;]<\/p>\n","protected":false},"author":1,"featured_media":1393,"comment_status":"closed","ping_status":"closed","sticky":false,"template":"","format":"standard","meta":{"tdm_status":"","tdm_grid_status":"","footnotes":""},"categories":[4,9],"tags":[],"class_list":["post-1411","post","type-post","status-publish","format-standard","has-post-thumbnail","hentry","category-featured","category-vidadepartido"],"_links":{"self":[{"href":"https:\/\/pcce.com.ar\/pcce\/wp-json\/wp\/v2\/posts\/1411","targetHints":{"allow":["GET"]}}],"collection":[{"href":"https:\/\/pcce.com.ar\/pcce\/wp-json\/wp\/v2\/posts"}],"about":[{"href":"https:\/\/pcce.com.ar\/pcce\/wp-json\/wp\/v2\/types\/post"}],"author":[{"embeddable":true,"href":"https:\/\/pcce.com.ar\/pcce\/wp-json\/wp\/v2\/users\/1"}],"replies":[{"embeddable":true,"href":"https:\/\/pcce.com.ar\/pcce\/wp-json\/wp\/v2\/comments?post=1411"}],"version-history":[{"count":0,"href":"https:\/\/pcce.com.ar\/pcce\/wp-json\/wp\/v2\/posts\/1411\/revisions"}],"wp:featuredmedia":[{"embeddable":true,"href":"https:\/\/pcce.com.ar\/pcce\/wp-json\/wp\/v2\/media\/1393"}],"wp:attachment":[{"href":"https:\/\/pcce.com.ar\/pcce\/wp-json\/wp\/v2\/media?parent=1411"}],"wp:term":[{"taxonomy":"category","embeddable":true,"href":"https:\/\/pcce.com.ar\/pcce\/wp-json\/wp\/v2\/categories?post=1411"},{"taxonomy":"post_tag","embeddable":true,"href":"https:\/\/pcce.com.ar\/pcce\/wp-json\/wp\/v2\/tags?post=1411"}],"curies":[{"name":"wp","href":"https:\/\/api.w.org\/{rel}","templated":true}]}}