{"id":1454,"date":"2016-10-12T01:17:35","date_gmt":"2016-10-12T04:17:35","guid":{"rendered":"https:\/\/pcce.com.ar\/pcce\/?p=1454"},"modified":"2016-10-12T01:17:35","modified_gmt":"2016-10-12T04:17:35","slug":"mesa-cristina-conduccion-de-tres-de-febrero-encuentro-con-maximo","status":"publish","type":"post","link":"https:\/\/pcce.com.ar\/pcce\/2016\/10\/12\/mesa-cristina-conduccion-de-tres-de-febrero-encuentro-con-maximo\/","title":{"rendered":"MESA CRISTINA CONDUCCI\u00d3N DE TRES DE FEBRERO: Encuentro con M\u00e1ximo"},"content":{"rendered":"<div class=\"story\">\n<p class=\"basic-paragraph\"><span class=\"mayuscula\">MESA CRISTINA CONDUCCI\u00d3N DE TRES DE FEBRERO<\/span><\/p>\n<\/div>\n<div class=\"story\">\n<h1 class=\"basic-paragraph\">Encuentro\u00a0con M\u00e1ximo<\/h1>\n<\/div>\n<div class=\"story\">\n<p class=\"copete-general\">En el marco de un rico proceso de construcci\u00f3n de unidad, la Mesa Cristina Conducci\u00f3n de Tres de Febrero fue recibida por el compa\u00f1ero M\u00e1ximo Kirchner para intercambiar opiniones sobre la situaci\u00f3n nacional, provincial y local.<\/p>\n<\/div>\n<div class=\"story\">\n<p class=\"capitular-texto-gral\">El compa\u00f1ero diputado provincial Juan Debandi dio inicio a la reuni\u00f3n destacando la continuidad y el compromiso de las organizaciones presentes con el proyecto nacional y con Cristina. \u201cEste encuentro es un premio a la perseverancia y la lealtad\u201d, se\u00f1al\u00f3. Describi\u00f3 el proceso de unidad y las iniciativas que se vienen desarrollando dando lugar a la presentaci\u00f3n de los compa\u00f1eros de la Mesa Cristina Conducci\u00f3n (entre quienes se encontraba el compa\u00f1ero Cristian Barbarini representando al PCCE) y al intercambio sobre la situaci\u00f3n de nuestro distrito, las debilidades de la gesti\u00f3n de Valenzuela, la importancia de vincularlo a las pol\u00edticas de ajuste que lleva adelante Macri a nivel nacional y Vidal en la provincia de Buenos Aires y la necesidad de organizar a los vecinos para defender los derechos alcanzados.<\/p>\n<p class=\"texto-general\">El cierre estuvo a cargo del compa\u00f1ero M\u00e1ximo, quien realiz\u00f3 un balance de los 12 a\u00f1os de proyecto nacional y popular, de los logros y tambi\u00e9n de aquello que nos falt\u00f3. Denunci\u00f3 la embestida neoliberal del gobierno de Macri, la p\u00e9rdida de derechos por parte de los trabajadores y los sectores m\u00e1s humildes en tan s\u00f3lo 9 meses, la entrega de soberan\u00eda y el nuevo ciclo de endeudamiento generado por el gobierno nacional. Frente a la compleja coyuntura se mostr\u00f3 confiado en las reservas que existen en nuestro pueblo luego de 12 a\u00f1os de conquistas, destac\u00f3 el proceso de acumulaci\u00f3n pol\u00edtica en la resistencia al neoliberalismo y el liderazgo consolidado de la compa\u00f1era Cristina por su presencia codo a codo en cada lucha de nuestro pueblo. Para finalizar, nos convoc\u00f3 a ganar la calle, construir representaci\u00f3n, organizar nuevas mayor\u00edas y poner en pie la fuerza pol\u00edtica que exprese el proyecto nacional, popular y democr\u00e1tico como primera victoria. Porque volver, es volver mejores.<\/p>\n<\/div>\n","protected":false},"excerpt":{"rendered":"<p>MESA CRISTINA CONDUCCI\u00d3N DE TRES DE FEBRERO Encuentro\u00a0con M\u00e1ximo En el marco de un rico proceso de construcci\u00f3n de unidad, la Mesa Cristina Conducci\u00f3n de Tres de Febrero fue recibida por el compa\u00f1ero M\u00e1ximo Kirchner para intercambiar opiniones sobre la situaci\u00f3n nacional, provincial y local. El compa\u00f1ero diputado provincial Juan Debandi dio inicio a la [&hellip;]<\/p>\n","protected":false},"author":1,"featured_media":1438,"comment_status":"closed","ping_status":"closed","sticky":false,"template":"","format":"standard","meta":{"tdm_status":"","tdm_grid_status":"","footnotes":""},"categories":[4,9],"tags":[],"class_list":["post-1454","post","type-post","status-publish","format-standard","has-post-thumbnail","hentry","category-featured","category-vidadepartido"],"_links":{"self":[{"href":"https:\/\/pcce.com.ar\/pcce\/wp-json\/wp\/v2\/posts\/1454","targetHints":{"allow":["GET"]}}],"collection":[{"href":"https:\/\/pcce.com.ar\/pcce\/wp-json\/wp\/v2\/posts"}],"about":[{"href":"https:\/\/pcce.com.ar\/pcce\/wp-json\/wp\/v2\/types\/post"}],"author":[{"embeddable":true,"href":"https:\/\/pcce.com.ar\/pcce\/wp-json\/wp\/v2\/users\/1"}],"replies":[{"embeddable":true,"href":"https:\/\/pcce.com.ar\/pcce\/wp-json\/wp\/v2\/comments?post=1454"}],"version-history":[{"count":0,"href":"https:\/\/pcce.com.ar\/pcce\/wp-json\/wp\/v2\/posts\/1454\/revisions"}],"wp:featuredmedia":[{"embeddable":true,"href":"https:\/\/pcce.com.ar\/pcce\/wp-json\/wp\/v2\/media\/1438"}],"wp:attachment":[{"href":"https:\/\/pcce.com.ar\/pcce\/wp-json\/wp\/v2\/media?parent=1454"}],"wp:term":[{"taxonomy":"category","embeddable":true,"href":"https:\/\/pcce.com.ar\/pcce\/wp-json\/wp\/v2\/categories?post=1454"},{"taxonomy":"post_tag","embeddable":true,"href":"https:\/\/pcce.com.ar\/pcce\/wp-json\/wp\/v2\/tags?post=1454"}],"curies":[{"name":"wp","href":"https:\/\/api.w.org\/{rel}","templated":true}]}}