{"id":1461,"date":"2016-10-12T01:41:35","date_gmt":"2016-10-12T04:41:35","guid":{"rendered":"https:\/\/pcce.com.ar\/pcce\/?p=1461"},"modified":"2016-10-12T01:41:35","modified_gmt":"2016-10-12T04:41:35","slug":"editorial-en-caida-libre-una-crisis-sin-fondo","status":"publish","type":"post","link":"https:\/\/pcce.com.ar\/pcce\/2016\/10\/12\/editorial-en-caida-libre-una-crisis-sin-fondo\/","title":{"rendered":"EDITORIAL: EN CA\u00cdDA LIBRE &#8211; Una crisis sin fondo"},"content":{"rendered":"<div class=\"story\">\n<p class=\"titulo-2\">EDITORIAL<\/p>\n<p class=\"titulo-2\">EN CA\u00cdDA LIBRE<\/p>\n<\/div>\n<div class=\"story\">\n<h1 class=\"titulo-2\">Una crisis\u00a0sin fondo<\/h1>\n<\/div>\n<div class=\"story\">\n<p class=\"capitular-texto-gral\">Bastaron unos pocos meses para asistir (una vez m\u00e1s) al descalabro econ\u00f3mico y social producido por el neoliberalismo en nuestro pa\u00eds. As\u00ed como en los \u201990, aunque en un periodo mucho m\u00e1s breve, nuevamente pas\u00f3 la langosta por la Argentina. El contraste con el pasado reciente (signado por los gobiernos de N\u00e9stor y Cristina) es tan estruendoso, que requiere una fina manipulaci\u00f3n desarrollada por los medios masivos de comunicaci\u00f3n con el objetivo de alterar la conciencia de millones de compatriotas, debilitar la memoria hist\u00f3rica y pretender explicar el desastre actual en funci\u00f3n de la \u201cherencia\u201d recibida.<\/p>\n<p class=\"texto-general\">El ejemplo m\u00e1s cercano es el dibujo presentado por el INDEC sobre los datos de pobreza e indigencia. El anuncio de una cifra burdamente sobredimensionada (para simular luego una baja) y con fines electorales, vino acompa\u00f1ado de una absurda ocurrencia del ingeniero Macri: \u201ca partir de ahora acepto ser evaluado\u201d. Lo cierto es que la devaluaci\u00f3n del 60 por ciento de nuestra moneda, una inflaci\u00f3n que anualizada alcanzar\u00e1 los 50 puntos, la p\u00e9rdida de un 15 por ciento en el poder adquisitivo de los salarios y las jubilaciones, los tarifazos, los m\u00e1s de 400 mil despidos de trabajadores formales en los sectores p\u00fablico y privado y el desmantelamiento de todo el entramado de pol\u00edticas de inclusi\u00f3n social han generado, de diciembre a esta parte, 1,5 millones de nuevos pobres en nuestro pa\u00eds.<\/p>\n<p class=\"texto-general\">Mientras los CEOs se golpeaban el pecho por la pobreza de los argentinos, conclu\u00eda la auditor\u00eda que luego de 10 a\u00f1os volvi\u00f3 a hacer el Fondo Monetario Internacional sobre la econom\u00eda de nuestro pa\u00eds. Los mensajes de amor a la gesti\u00f3n PRO ensalzan una sucesi\u00f3n demoledora de novedades econ\u00f3micas que pintan un panorama verdaderamente desolador. La \u00fanica preocupaci\u00f3n social que supera al devenir de la econom\u00eda es la inseguridad, hoy en franco desmadre. Clar\u00edn la utiliza para desdibujar el ajuste y batir el parche de la represi\u00f3n.<\/p>\n<p class=\"texto-general\">En el mes de agosto se produjo una fuerte ca\u00edda (del 7,4 por ciento) en el consumo de productos masivos. Tambi\u00e9n en agosto cay\u00f3 la actividad industrial un 4,4 por ciento respecto al mismo mes del a\u00f1o anterior, y la actividad econ\u00f3mica en general retrocedi\u00f3 un 3,4 por ciento. Un estudio reciente revel\u00f3 que el 84 por ciento de las PyMES redujeron sus ventas en lo que va del 2016, explicado entre otros factores por el incremento de las importaciones de productos finales en detrimento del segmento de m\u00e1quinas para la producci\u00f3n (o bienes de capital). En s\u00edntesis, esta es la recuperaci\u00f3n de la que nos habla la cadena nacional (esta s\u00ed de 24 horas) de medios p\u00fablicos y privados.<\/p>\n<p class=\"texto-general\">En este contexto de agudizaci\u00f3n de la coyuntura econ\u00f3mica y social, resulta irrisorio el culebr\u00f3n generado entre la CGT unificada y el gobierno nacional por el supuesto bono de fin de a\u00f1o y la exenci\u00f3n de ganancias sobre el medio aguinaldo. En este aspecto, creemos que la Marcha Federal traz\u00f3 un camino y levant\u00f3 un conjunto de reivindicaciones (en particular la reapertura de paritarias y el rechazo al tarifazo) que debe ser el elemento com\u00fan que unifique el accionar de todas las centrales sindicales y se exprese en un contundente paro nacional contra la restauraci\u00f3n del neoliberalismo en nuestra Patria. As\u00ed lo reclaman con creciente fuerza las bases de un sinf\u00edn de gremios que atraviesan a todo el movimiento sindical.<\/p>\n<p class=\"texto-general\">El enemigo tiene grandes dificultades para sostener, con un grado de consenso, sus pol\u00edticas de ajuste. Este comienza a ser un problema de proporciones de cara a las elecciones legislativas del pr\u00f3ximo a\u00f1o. Las variantes y combinaciones que van ensayando (m\u00e1s puras de Cambiemos, mezcladas con el \u201cprogresismo\u201d neoliberal de Stolbizer, o las que ofrece el sector domesticado del PJ) tienden todas a disputarse el mismo universo social, que se achica de forma sostenida. Tras diez meses de gobierno, s\u00f3lo un 30 por ciento de la poblaci\u00f3n se considera oficialista, mientras que el 45 por ciento se ubica en la oposici\u00f3n.<\/p>\n<p class=\"texto-general\">El problema mayor para la derecha tiene nombre y apellido: Cristina Fern\u00e1ndez de Kirchner. A pesar de los ataques y agresiones permanentes, sigue creciendo su imagen en la consideraci\u00f3n popular. De hecho, diferentes encuestas la ubican siempre al frente en el marco de una contienda electoral.<\/p>\n<p class=\"texto-general\">Lo principal sigue siendo el objetivo organizativo, aquello que los comunistas denominamos factor subjetivo. En ese terreno, coexisten diferentes planos de unidad entre sectores y fuerzas heterog\u00e9neas que enfrentan un enemigo com\u00fan, que se identifican con las conquistas alcanzadas durante los \u00faltimos 12 a\u00f1os y que deben amalgamarse en el marco de un gran Frente Nacional, Popular y Democr\u00e1tico. Sobre eso machaca Cristina, nuestra conductora. Construir desde abajo, dar la batalla de ideas, esclarecer y desmontar los enfoques reaccionarios que se instalan en el sentido com\u00fan de las grandes mayor\u00edas. La decisi\u00f3n de volver parte de un requisito esencial: construir la fuerza pol\u00edtica frentista que nos permita retomar el camino de transformaciones, avanzar hacia cambios estructurales y estar en condiciones de defenderlos en todos los escenarios.<\/p>\n<\/div>\n","protected":false},"excerpt":{"rendered":"<p>EDITORIAL EN CA\u00cdDA LIBRE Una crisis\u00a0sin fondo Bastaron unos pocos meses para asistir (una vez m\u00e1s) al descalabro econ\u00f3mico y social producido por el neoliberalismo en nuestro pa\u00eds. As\u00ed como en los \u201990, aunque en un periodo mucho m\u00e1s breve, nuevamente pas\u00f3 la langosta por la Argentina. El contraste con el pasado reciente (signado por [&hellip;]<\/p>\n","protected":false},"author":1,"featured_media":1428,"comment_status":"closed","ping_status":"closed","sticky":false,"template":"","format":"standard","meta":{"tdm_status":"","tdm_grid_status":"","footnotes":""},"categories":[21,4],"tags":[],"class_list":["post-1461","post","type-post","status-publish","format-standard","has-post-thumbnail","hentry","category-editorial","category-featured"],"_links":{"self":[{"href":"https:\/\/pcce.com.ar\/pcce\/wp-json\/wp\/v2\/posts\/1461","targetHints":{"allow":["GET"]}}],"collection":[{"href":"https:\/\/pcce.com.ar\/pcce\/wp-json\/wp\/v2\/posts"}],"about":[{"href":"https:\/\/pcce.com.ar\/pcce\/wp-json\/wp\/v2\/types\/post"}],"author":[{"embeddable":true,"href":"https:\/\/pcce.com.ar\/pcce\/wp-json\/wp\/v2\/users\/1"}],"replies":[{"embeddable":true,"href":"https:\/\/pcce.com.ar\/pcce\/wp-json\/wp\/v2\/comments?post=1461"}],"version-history":[{"count":0,"href":"https:\/\/pcce.com.ar\/pcce\/wp-json\/wp\/v2\/posts\/1461\/revisions"}],"wp:featuredmedia":[{"embeddable":true,"href":"https:\/\/pcce.com.ar\/pcce\/wp-json\/wp\/v2\/media\/1428"}],"wp:attachment":[{"href":"https:\/\/pcce.com.ar\/pcce\/wp-json\/wp\/v2\/media?parent=1461"}],"wp:term":[{"taxonomy":"category","embeddable":true,"href":"https:\/\/pcce.com.ar\/pcce\/wp-json\/wp\/v2\/categories?post=1461"},{"taxonomy":"post_tag","embeddable":true,"href":"https:\/\/pcce.com.ar\/pcce\/wp-json\/wp\/v2\/tags?post=1461"}],"curies":[{"name":"wp","href":"https:\/\/api.w.org\/{rel}","templated":true}]}}