{"id":1503,"date":"2016-10-24T22:34:39","date_gmt":"2016-10-25T01:34:39","guid":{"rendered":"https:\/\/pcce.com.ar\/pcce\/?p=1503"},"modified":"2016-10-24T22:34:39","modified_gmt":"2016-10-25T01:34:39","slug":"quilmes-junto-a-cristina-en-la-unqui","status":"publish","type":"post","link":"https:\/\/pcce.com.ar\/pcce\/2016\/10\/24\/quilmes-junto-a-cristina-en-la-unqui\/","title":{"rendered":"QUILMES: Junto a Cristina en la UNQUI"},"content":{"rendered":"<div class=\"story\">\n<p class=\"basic-paragraph\"><span class=\"mayuscula\">QUILMES<\/span><\/p>\n<\/div>\n<div class=\"story\">\n<h1 class=\"basic-paragraph\">Junto a Cristina en la UNQUI<\/h1>\n<\/div>\n<div class=\"story\">\n<p class=\"capitular-texto-gral\">El pasado 12 de octubre recibimos a Cristina en la UNQUI para entregarle, junto a la Universidad de Avellaneda, el Honoris Causa por todas las pol\u00edticas educativas que se llevaron adelante durante los 12 a\u00f1os de Proyecto Nacional.<\/p>\n<p class=\"texto-general\">Durante los d\u00edas previos, se realizaron pintadas en las paredes de San Francisco Solano, que fueron publicadas por un diario local.<\/p>\n<p class=\"texto-general\">Cuando lleg\u00f3 Cristina, las calles y el gimnasio de la Facultad, estaban colmadas de militantes y familias que se acercaron para saludar a la compa\u00f1era.<\/p>\n<p class=\"texto-general\">Desde temprano el Partido fue parte de la organizaci\u00f3n del acto. Delegaciones de diferentes lugares de la provincia participamos en la movilizaci\u00f3n, estuvimos frente al escenario y con los universitarios, entre ellos la compa\u00f1era Lula Meuli, presidenta del centro de estudiantes de Ciencias Sociales de la UNDAv.<\/p>\n<p class=\"texto-general\">Al finalizar el acto, los camaradas pudieron con mucha emoci\u00f3n y orgullo saludar a Cristina, que hasta se calz\u00f3 una gorra del PCCE que le entreg\u00f3 el camarada Carlitos de Quilmes, registro que luego fue parte de un video difundido en las redes sociales, reafirmando que el PCCE, la Izquierda con Cristina est\u00e1 a la altura del momento hist\u00f3rico, creciendo y luchando m\u00e1s que nunca en la calle.<\/p>\n<\/div>\n","protected":false},"excerpt":{"rendered":"<p>QUILMES Junto a Cristina en la UNQUI El pasado 12 de octubre recibimos a Cristina en la UNQUI para entregarle, junto a la Universidad de Avellaneda, el Honoris Causa por todas las pol\u00edticas educativas que se llevaron adelante durante los 12 a\u00f1os de Proyecto Nacional. Durante los d\u00edas previos, se realizaron pintadas en las paredes [&hellip;]<\/p>\n","protected":false},"author":1,"featured_media":1479,"comment_status":"closed","ping_status":"closed","sticky":false,"template":"","format":"standard","meta":{"tdm_status":"","tdm_grid_status":"","footnotes":""},"categories":[4,9],"tags":[],"class_list":["post-1503","post","type-post","status-publish","format-standard","has-post-thumbnail","hentry","category-featured","category-vidadepartido"],"_links":{"self":[{"href":"https:\/\/pcce.com.ar\/pcce\/wp-json\/wp\/v2\/posts\/1503","targetHints":{"allow":["GET"]}}],"collection":[{"href":"https:\/\/pcce.com.ar\/pcce\/wp-json\/wp\/v2\/posts"}],"about":[{"href":"https:\/\/pcce.com.ar\/pcce\/wp-json\/wp\/v2\/types\/post"}],"author":[{"embeddable":true,"href":"https:\/\/pcce.com.ar\/pcce\/wp-json\/wp\/v2\/users\/1"}],"replies":[{"embeddable":true,"href":"https:\/\/pcce.com.ar\/pcce\/wp-json\/wp\/v2\/comments?post=1503"}],"version-history":[{"count":0,"href":"https:\/\/pcce.com.ar\/pcce\/wp-json\/wp\/v2\/posts\/1503\/revisions"}],"wp:featuredmedia":[{"embeddable":true,"href":"https:\/\/pcce.com.ar\/pcce\/wp-json\/wp\/v2\/media\/1479"}],"wp:attachment":[{"href":"https:\/\/pcce.com.ar\/pcce\/wp-json\/wp\/v2\/media?parent=1503"}],"wp:term":[{"taxonomy":"category","embeddable":true,"href":"https:\/\/pcce.com.ar\/pcce\/wp-json\/wp\/v2\/categories?post=1503"},{"taxonomy":"post_tag","embeddable":true,"href":"https:\/\/pcce.com.ar\/pcce\/wp-json\/wp\/v2\/tags?post=1503"}],"curies":[{"name":"wp","href":"https:\/\/api.w.org\/{rel}","templated":true}]}}