{"id":1506,"date":"2016-10-24T22:42:50","date_gmt":"2016-10-25T01:42:50","guid":{"rendered":"https:\/\/pcce.com.ar\/pcce\/?p=1506"},"modified":"2016-10-24T22:42:50","modified_gmt":"2016-10-25T01:42:50","slug":"educacion-ciencia-y-tecnologia-subejecucion-desinversion-exclusion","status":"publish","type":"post","link":"https:\/\/pcce.com.ar\/pcce\/2016\/10\/24\/educacion-ciencia-y-tecnologia-subejecucion-desinversion-exclusion\/","title":{"rendered":"EDUCACI\u00d3N, CIENCIA Y TECNOLOG\u00cdA: Subejecuci\u00f3n, desinversi\u00f3n, exclusi\u00f3n"},"content":{"rendered":"<div class=\"story\">\n<p class=\"basic-paragraph\"><span class=\"mayuscula\">EDUCACI\u00d3N, CIENCIA Y TECNOLOG\u00cdA<\/span><\/p>\n<\/div>\n<div class=\"story\">\n<h1 class=\"titulo-2\">Subejecuci\u00f3n, desinversi\u00f3n, exclusi\u00f3n<\/h1>\n<\/div>\n<div class=\"story\">\n<p class=\"copete-general\">El macrismo intenta reducir la inversi\u00f3n en pol\u00edticas p\u00fablicas que durante los doce a\u00f1os de kirchnerismo, fueron ejes prioritarios para la construcci\u00f3n de un pa\u00eds soberano. Educaci\u00f3n, Ciencia y Tecnolog\u00eda se proyectan como \u00e1reas empobrecidas para el pr\u00f3ximo a\u00f1o, con el acumulado de lo que ya subejecut\u00f3 y recort\u00f3 en estos diez meses.<\/p>\n<\/div>\n<div class=\"story\">\n<p class=\"capitular-texto-gral\">A la hora de discutir el Presupuesto para el 2017, el macrismo intenta reducir la inversi\u00f3n en pol\u00edticas p\u00fablicas que durante los doce a\u00f1os de kirchnerismo fueron ejes prioritarios para la construcci\u00f3n de un pa\u00eds soberano en todas sus dimensiones: pol\u00edtica, econ\u00f3mica, cultural, territorial. Educaci\u00f3n, Ciencia y Tecnolog\u00eda se proyectan como \u00e1reas empobrecidas para el pr\u00f3ximo a\u00f1o, con el acumulado de lo que ya subejecut\u00f3 y recort\u00f3 en estos diez meses.<\/p>\n<p class=\"texto-general\">NO INVIERTEN Y SUBEJECUTAN. El a\u00f1o pasado se incorporaron 150 mil j\u00f3venes adultos a la educaci\u00f3n formal y 29 mil se alfabetizaron; hasta el primer semestre, los datos revelan que no sucedi\u00f3 ninguna de las dos cosas. En el mismo per\u00edodo, las 19.300 becas universitarias destinadas a estudiantes de pocos recursos no fueron pagadas, y para el a\u00f1o que viene, se proyecta reducirlas a 14.300. De las 600 mil netbooks proyectadas para distribuir este a\u00f1o, s\u00f3lo se repartieron 100 mil que quedaron de remanente. Aqu\u00ed vale la pena detenerse porque tanto esas computadoras (5 millones) como los programas, fueron producidos por Pymes nacionales y todo parece indicar que el macrismo le conceder\u00e1 (lo que ahora ser\u00e1 un negocio) a las multinacionales.<\/p>\n<p class=\"texto-general\">\u201cA los chicos no les gusta leer\u201d, es la frase con la que desde el ministerio de Educaci\u00f3n se pretende justificar el parate al Plan Nacional de Lectura y otros programas con los que desde el propio ministerio se llegaron a distribuir en doce a\u00f1os de kirchnerismo 92 millones de libros, entre los que se destacan los de ficci\u00f3n, cuadernillos de DD. HH, educaci\u00f3n sexual, genocidio y dictadura. Este a\u00f1o, 1 mill\u00f3n menos. Al 30 de septiembre, se utiliz\u00f3 apenas el 10,94 por ciento de los fondos previstos para el programa de Innovaci\u00f3n y Desarrollo para la Formaci\u00f3n Tecnol\u00f3gica, a la vez que se proyecta invertir un 17 por ciento menos. Lo mismo ocurri\u00f3 con lo pautado para Infraestructura y Equipamiento, se ejecut\u00f3 un 19 por ciento y se propone invertir un 12,8 por ciento menos. Respecto a la Formaci\u00f3n Docente, s\u00f3lo se ejecut\u00f3 un 30,94 por ciento y a lo presupuestado para las universidades, un 69,52. Macri se escandaliz\u00f3 por tanta universidad por aqu\u00ed y por all\u00e1: el kirchnerismo construy\u00f3 17 nacionales y, citando a Cristina, \u201cjunto a Cuba, nuestro pa\u00eds tiene la mayor poblaci\u00f3n universitaria. El 4,5 por ciento est\u00e1 en las universidades, y de ese porcentaje, el 3,5 por ciento est\u00e1 en las p\u00fablicas y gratuitas\u201d.<\/p>\n<p class=\"texto-general\">En la misma l\u00ednea de recorte, se proyecta reducir lo destinado al Ministerio de Ciencia y Tecnolog\u00eda un 32,53 por ciento, es decir que de $ 3.043.553.474 que se previ\u00f3 para este a\u00f1o, se pasar\u00e1 a $ 2.053.531.272 para 2017. Este tercio de desinversi\u00f3n no toma en cuenta al CONICET ni a la CONAE, es decir que es a\u00fan mayor la orfandad de partida presupuestaria para \u00e1reas tan estrat\u00e9gicas para el desarrollo de nuestro pa\u00eds. Entre los tres destinos se har\u00e1 descender la inversi\u00f3n, respecto del PBI, de un 0,8 alcanzado durante el gobierno de Cristina a 0,59, el m\u00ednimo hist\u00f3rico. Esta situaci\u00f3n impactar\u00e1 directamente en la Facultad de Ciencias Exactas y Naturales de la UBA: funcionan 19 institutos UBA-CONICET en los cuales desarrollan sus tareas de investigaci\u00f3n 720 miembros de la carrera de investigador cient\u00edfico, 700 becarios y 160 miembros del personal de apoyo. El programa \u201cRa\u00edces\u201d repatri\u00f3 mil cient\u00edficos, la pol\u00edtica neoliberal del recorte los puede volver a expulsar del pa\u00eds.<\/p>\n<p class=\"texto-general\">La inflaci\u00f3n y los tarifazos, y su repercusi\u00f3n directa que desfas\u00f3 lo calculado en el presupuesto ley establecido para 2016, y el modo tan \u201csingular\u201d de ejecutar las partidas presupuestarias por parte del macrismo, hablan a las claras del objetivo de destruir la soberan\u00eda alcanzada y profundizar la dependencia, en todas sus dimensiones, y en las condiciones del mundo actual.<\/p>\n<\/div>\n","protected":false},"excerpt":{"rendered":"<p>EDUCACI\u00d3N, CIENCIA Y TECNOLOG\u00cdA Subejecuci\u00f3n, desinversi\u00f3n, exclusi\u00f3n El macrismo intenta reducir la inversi\u00f3n en pol\u00edticas p\u00fablicas que durante los doce a\u00f1os de kirchnerismo, fueron ejes prioritarios para la construcci\u00f3n de un pa\u00eds soberano. Educaci\u00f3n, Ciencia y Tecnolog\u00eda se proyectan como \u00e1reas empobrecidas para el pr\u00f3ximo a\u00f1o, con el acumulado de lo que ya subejecut\u00f3 y [&hellip;]<\/p>\n","protected":false},"author":1,"featured_media":1507,"comment_status":"closed","ping_status":"closed","sticky":false,"template":"","format":"standard","meta":{"tdm_status":"","tdm_grid_status":"","footnotes":""},"categories":[4,19],"tags":[],"class_list":["post-1506","post","type-post","status-publish","format-standard","has-post-thumbnail","hentry","category-featured","category-pagina2"],"_links":{"self":[{"href":"https:\/\/pcce.com.ar\/pcce\/wp-json\/wp\/v2\/posts\/1506","targetHints":{"allow":["GET"]}}],"collection":[{"href":"https:\/\/pcce.com.ar\/pcce\/wp-json\/wp\/v2\/posts"}],"about":[{"href":"https:\/\/pcce.com.ar\/pcce\/wp-json\/wp\/v2\/types\/post"}],"author":[{"embeddable":true,"href":"https:\/\/pcce.com.ar\/pcce\/wp-json\/wp\/v2\/users\/1"}],"replies":[{"embeddable":true,"href":"https:\/\/pcce.com.ar\/pcce\/wp-json\/wp\/v2\/comments?post=1506"}],"version-history":[{"count":0,"href":"https:\/\/pcce.com.ar\/pcce\/wp-json\/wp\/v2\/posts\/1506\/revisions"}],"wp:featuredmedia":[{"embeddable":true,"href":"https:\/\/pcce.com.ar\/pcce\/wp-json\/wp\/v2\/media\/1507"}],"wp:attachment":[{"href":"https:\/\/pcce.com.ar\/pcce\/wp-json\/wp\/v2\/media?parent=1506"}],"wp:term":[{"taxonomy":"category","embeddable":true,"href":"https:\/\/pcce.com.ar\/pcce\/wp-json\/wp\/v2\/categories?post=1506"},{"taxonomy":"post_tag","embeddable":true,"href":"https:\/\/pcce.com.ar\/pcce\/wp-json\/wp\/v2\/tags?post=1506"}],"curies":[{"name":"wp","href":"https:\/\/api.w.org\/{rel}","templated":true}]}}