{"id":1588,"date":"2016-11-08T04:54:33","date_gmt":"2016-11-08T07:54:33","guid":{"rendered":"https:\/\/pcce.com.ar\/pcce\/?p=1588"},"modified":"2016-11-08T04:54:33","modified_gmt":"2016-11-08T07:54:33","slug":"elecciones-en-la-uba-filo-y-el-cierre-del-ciclo-electoral","status":"publish","type":"post","link":"https:\/\/pcce.com.ar\/pcce\/2016\/11\/08\/elecciones-en-la-uba-filo-y-el-cierre-del-ciclo-electoral\/","title":{"rendered":"ELECCIONES EN LA UBA: Filo y el cierre del ciclo electoral"},"content":{"rendered":"<div class=\"story\">\n<p class=\"basic-paragraph\"><span class=\"mayuscula\">ELECCIONES EN LA UBA<\/span><\/p>\n<\/div>\n<div class=\"story\">\n<h1 class=\"titulo-2\">Filo y el cierre del ciclo electoral<\/h1>\n<\/div>\n<div class=\"story\">\n<p class=\"recuadro-letra-capitular\">Con las elecciones en Filosof\u00eda y Letras finaliz\u00f3 lo m\u00e1s importante del ciclo electoral de la UBA. Sin grandes modificaciones en el escenario pol\u00edtico, el dato sigue siendo la consolidaci\u00f3n del espacio kirchnerista, el avance de la Franja Morada y el retroceso lento pero progresivo del trotskismo.<\/p>\n<p class=\"recuadro-letra\">En Filo el kirchnerismo, a la cabeza de un frente amplio integrado junto a otras fuerzas afines, logr\u00f3 consolidar el segundo puesto, lo que nos ubica en mejores condiciones para disputar el Centro el a\u00f1o que viene.<\/p>\n<p class=\"recuadro-letra\">Como PCCE-UBA seguiremos construyendo desde la Izquierda y apostando a la consolidaci\u00f3n del Frente Nacional, Popular y Latinoamericano en la UBA.<\/p>\n<\/div>\n","protected":false},"excerpt":{"rendered":"<p>ELECCIONES EN LA UBA Filo y el cierre del ciclo electoral Con las elecciones en Filosof\u00eda y Letras finaliz\u00f3 lo m\u00e1s importante del ciclo electoral de la UBA. Sin grandes modificaciones en el escenario pol\u00edtico, el dato sigue siendo la consolidaci\u00f3n del espacio kirchnerista, el avance de la Franja Morada y el retroceso lento pero [&hellip;]<\/p>\n","protected":false},"author":1,"featured_media":675,"comment_status":"closed","ping_status":"closed","sticky":false,"template":"","format":"standard","meta":{"tdm_status":"","tdm_grid_status":"","footnotes":""},"categories":[9],"tags":[],"class_list":["post-1588","post","type-post","status-publish","format-standard","has-post-thumbnail","hentry","category-vidadepartido"],"_links":{"self":[{"href":"https:\/\/pcce.com.ar\/pcce\/wp-json\/wp\/v2\/posts\/1588","targetHints":{"allow":["GET"]}}],"collection":[{"href":"https:\/\/pcce.com.ar\/pcce\/wp-json\/wp\/v2\/posts"}],"about":[{"href":"https:\/\/pcce.com.ar\/pcce\/wp-json\/wp\/v2\/types\/post"}],"author":[{"embeddable":true,"href":"https:\/\/pcce.com.ar\/pcce\/wp-json\/wp\/v2\/users\/1"}],"replies":[{"embeddable":true,"href":"https:\/\/pcce.com.ar\/pcce\/wp-json\/wp\/v2\/comments?post=1588"}],"version-history":[{"count":0,"href":"https:\/\/pcce.com.ar\/pcce\/wp-json\/wp\/v2\/posts\/1588\/revisions"}],"wp:featuredmedia":[{"embeddable":true,"href":"https:\/\/pcce.com.ar\/pcce\/wp-json\/wp\/v2\/media\/675"}],"wp:attachment":[{"href":"https:\/\/pcce.com.ar\/pcce\/wp-json\/wp\/v2\/media?parent=1588"}],"wp:term":[{"taxonomy":"category","embeddable":true,"href":"https:\/\/pcce.com.ar\/pcce\/wp-json\/wp\/v2\/categories?post=1588"},{"taxonomy":"post_tag","embeddable":true,"href":"https:\/\/pcce.com.ar\/pcce\/wp-json\/wp\/v2\/tags?post=1588"}],"curies":[{"name":"wp","href":"https:\/\/api.w.org\/{rel}","templated":true}]}}