{"id":1590,"date":"2016-11-08T04:56:08","date_gmt":"2016-11-08T07:56:08","guid":{"rendered":"https:\/\/pcce.com.ar\/pcce\/?p=1590"},"modified":"2016-11-08T04:56:08","modified_gmt":"2016-11-08T07:56:08","slug":"parana-vecinos-organizados","status":"publish","type":"post","link":"https:\/\/pcce.com.ar\/pcce\/2016\/11\/08\/parana-vecinos-organizados\/","title":{"rendered":"PARAN\u00c1: Vecinos organizados"},"content":{"rendered":"<div class=\"story\">\n<p class=\"basic-paragraph\"><span class=\"mayuscula\">PARAN\u00c1<\/span><\/p>\n<\/div>\n<div class=\"story\">\n<h1 class=\"titulo-2\">Vecinos organizados<\/h1>\n<\/div>\n<div class=\"story\">\n<p class=\"recuadro-letra-capitular\">El pasado 17 de octubre se llev\u00f3 a cabo, como todas las semanas, una reuni\u00f3n de la Asamblea Ciudadana Vecinalista de Paran\u00e1 en el Centro Cultural Chilo Zaragoza, de la Vecinal Gaucho Rivero, cuya Vicepresidenta es la camarada Noelia Enrique. De la reuni\u00f3n participaron los integrantes de la Asamblea, vecinos del Barrio Gaucho Rivero y Mainini III y el Defensor del Pueblo de la ciudad de Paran\u00e1 Luis Garay.<\/p>\n<p class=\"recuadro-letra\">Una de las tem\u00e1ticas que se trataron fue la titularidad de los terrenos de los vecinos del barrio que, a pesar de haberlos comprado y haber abonado los impuestos correspondientes, por falta de voluntad pol\u00edtica e intereses privados de las inmobiliarias locales no han podido acceder a la titularidad efectiva de los mismos. As\u00ed, la Asamblea empieza a planificar el procedimiento para que esto suceda.<\/p>\n<p class=\"recuadro-letra\">Por otro lado se habl\u00f3 de la Mesa de Transporte, que viene funcionando desde principio de a\u00f1o, y a trav\u00e9s de la cual se vienen presentando diferentes proyectos al Concejo Deliberante de la Municipalidad con el objetivo de mejorar el servicio y, principalmente, lograr concretar un concurso para que las empresas adquieran la concesi\u00f3n del mismo.<\/p>\n<p class=\"recuadro-letra\">Se consolida la participaci\u00f3n de los vecinos en el seno de su barrio, con sus propias problem\u00e1ticas, organiz\u00e1ndose para accionar y defender sus derechos a la vivienda digna y al transporte, pero tambi\u00e9n ejerciendo los de reunirse, discutir, intercambiar ideas, organizarse y actuar en un frente com\u00fan para llevar adelante las diferentes acciones pol\u00edticas necesarias para mejorar la realidad del barrio y las condiciones de vida de los vecinos, que ya muy deteriorada se ve por el azote de los impuestazos y la fuert\u00edsima inflaci\u00f3n que impuls\u00f3 el gobierno de Macri.<\/p>\n<p class=\"recuadro-letra\">Siempre adelante con organizaci\u00f3n y accionar pol\u00edtico, en vistas de conformar el gran Frente Ciudadano nacional, popular y democr\u00e1tico que propone nuestra conductora Cristina para retornar y avanzar en el camino de la transformaci\u00f3n.<\/p>\n<\/div>\n","protected":false},"excerpt":{"rendered":"<p>PARAN\u00c1 Vecinos organizados El pasado 17 de octubre se llev\u00f3 a cabo, como todas las semanas, una reuni\u00f3n de la Asamblea Ciudadana Vecinalista de Paran\u00e1 en el Centro Cultural Chilo Zaragoza, de la Vecinal Gaucho Rivero, cuya Vicepresidenta es la camarada Noelia Enrique. De la reuni\u00f3n participaron los integrantes de la Asamblea, vecinos del Barrio [&hellip;]<\/p>\n","protected":false},"author":1,"featured_media":1567,"comment_status":"closed","ping_status":"closed","sticky":false,"template":"","format":"standard","meta":{"tdm_status":"","tdm_grid_status":"","footnotes":""},"categories":[9],"tags":[],"class_list":["post-1590","post","type-post","status-publish","format-standard","has-post-thumbnail","hentry","category-vidadepartido"],"_links":{"self":[{"href":"https:\/\/pcce.com.ar\/pcce\/wp-json\/wp\/v2\/posts\/1590","targetHints":{"allow":["GET"]}}],"collection":[{"href":"https:\/\/pcce.com.ar\/pcce\/wp-json\/wp\/v2\/posts"}],"about":[{"href":"https:\/\/pcce.com.ar\/pcce\/wp-json\/wp\/v2\/types\/post"}],"author":[{"embeddable":true,"href":"https:\/\/pcce.com.ar\/pcce\/wp-json\/wp\/v2\/users\/1"}],"replies":[{"embeddable":true,"href":"https:\/\/pcce.com.ar\/pcce\/wp-json\/wp\/v2\/comments?post=1590"}],"version-history":[{"count":0,"href":"https:\/\/pcce.com.ar\/pcce\/wp-json\/wp\/v2\/posts\/1590\/revisions"}],"wp:featuredmedia":[{"embeddable":true,"href":"https:\/\/pcce.com.ar\/pcce\/wp-json\/wp\/v2\/media\/1567"}],"wp:attachment":[{"href":"https:\/\/pcce.com.ar\/pcce\/wp-json\/wp\/v2\/media?parent=1590"}],"wp:term":[{"taxonomy":"category","embeddable":true,"href":"https:\/\/pcce.com.ar\/pcce\/wp-json\/wp\/v2\/categories?post=1590"},{"taxonomy":"post_tag","embeddable":true,"href":"https:\/\/pcce.com.ar\/pcce\/wp-json\/wp\/v2\/tags?post=1590"}],"curies":[{"name":"wp","href":"https:\/\/api.w.org\/{rel}","templated":true}]}}