{"id":1592,"date":"2016-11-08T04:58:50","date_gmt":"2016-11-08T07:58:50","guid":{"rendered":"https:\/\/pcce.com.ar\/pcce\/?p=1592"},"modified":"2016-11-08T04:58:50","modified_gmt":"2016-11-08T07:58:50","slug":"con-esfuerzo-y-planificacion-crece-el-partido-de-la-capital-federal","status":"publish","type":"post","link":"https:\/\/pcce.com.ar\/pcce\/2016\/11\/08\/con-esfuerzo-y-planificacion-crece-el-partido-de-la-capital-federal\/","title":{"rendered":"CON ESFUERZO Y PLANIFICACI\u00d3N: Crece el Partido de la Capital Federal"},"content":{"rendered":"<div class=\"story\">\n<p class=\"basic-paragraph\"><span class=\"mayuscula\">CON ESFUERZO Y PLANIFICACI\u00d3N<\/span><\/p>\n<\/div>\n<div class=\"story\">\n<h1 class=\"basic-paragraph\">Crece el Partido de la Capital Federal<\/h1>\n<\/div>\n<div class=\"story\">\n<p class=\"capitular-texto-gral\">En el mes de octubre, en Villa Pueyrred\u00f3n y en Paternal realizamos la Feria Mil Flores, con la participaci\u00f3n de m\u00e1s de 150 emprendedores y cientos de vecinos que se acercaron y con los cuales conversamos sobre la crisis que est\u00e1 generando el gobierno neoliberal de Macri y la necesidad de organizarnos para enfrentar el ajuste con la conducci\u00f3n de Cristina.<\/p>\n<p class=\"texto-general\">Asimismo en Barracas afianzamos nuestro trabajo desde la Casa Cultural Tejada G\u00f3mez, realizando un Taller de M\u00fasica del que participan los j\u00f3venes del barrio, como tambi\u00e9n avanzamos con la construcci\u00f3n en secundarios, en particular en las escuelas Normal 5 y la 6 del 5\u00ba DE, incorporando nuevos compa\u00f1eros que asumen tareas de construcci\u00f3n y participando recientemente de un encuentro de estudiantes de la comuna para organizar los centros de estudiantes.<\/p>\n<p class=\"texto-general\">Por \u00faltimo avanzamos en la Villa 31, en donde estamos realizando apoyo escolar y un taller de ajedrez, y pr\u00f3ximamente una feria de ciencias y una charla por el Polo educativo junto a nuestras compa\u00f1eras delegadas docentes de la Escuela Padre Mugica.<\/p>\n<p class=\"texto-general\">En conclusi\u00f3n, crece y se desarrolla el Partido de la Capital al calor de la defensa de lo conquistado.<\/p>\n<\/div>\n","protected":false},"excerpt":{"rendered":"<p>CON ESFUERZO Y PLANIFICACI\u00d3N Crece el Partido de la Capital Federal En el mes de octubre, en Villa Pueyrred\u00f3n y en Paternal realizamos la Feria Mil Flores, con la participaci\u00f3n de m\u00e1s de 150 emprendedores y cientos de vecinos que se acercaron y con los cuales conversamos sobre la crisis que est\u00e1 generando el gobierno [&hellip;]<\/p>\n","protected":false},"author":1,"featured_media":1577,"comment_status":"closed","ping_status":"closed","sticky":false,"template":"","format":"standard","meta":{"tdm_status":"","tdm_grid_status":"","footnotes":""},"categories":[4,9],"tags":[],"class_list":["post-1592","post","type-post","status-publish","format-standard","has-post-thumbnail","hentry","category-featured","category-vidadepartido"],"_links":{"self":[{"href":"https:\/\/pcce.com.ar\/pcce\/wp-json\/wp\/v2\/posts\/1592","targetHints":{"allow":["GET"]}}],"collection":[{"href":"https:\/\/pcce.com.ar\/pcce\/wp-json\/wp\/v2\/posts"}],"about":[{"href":"https:\/\/pcce.com.ar\/pcce\/wp-json\/wp\/v2\/types\/post"}],"author":[{"embeddable":true,"href":"https:\/\/pcce.com.ar\/pcce\/wp-json\/wp\/v2\/users\/1"}],"replies":[{"embeddable":true,"href":"https:\/\/pcce.com.ar\/pcce\/wp-json\/wp\/v2\/comments?post=1592"}],"version-history":[{"count":0,"href":"https:\/\/pcce.com.ar\/pcce\/wp-json\/wp\/v2\/posts\/1592\/revisions"}],"wp:featuredmedia":[{"embeddable":true,"href":"https:\/\/pcce.com.ar\/pcce\/wp-json\/wp\/v2\/media\/1577"}],"wp:attachment":[{"href":"https:\/\/pcce.com.ar\/pcce\/wp-json\/wp\/v2\/media?parent=1592"}],"wp:term":[{"taxonomy":"category","embeddable":true,"href":"https:\/\/pcce.com.ar\/pcce\/wp-json\/wp\/v2\/categories?post=1592"},{"taxonomy":"post_tag","embeddable":true,"href":"https:\/\/pcce.com.ar\/pcce\/wp-json\/wp\/v2\/tags?post=1592"}],"curies":[{"name":"wp","href":"https:\/\/api.w.org\/{rel}","templated":true}]}}