{"id":1594,"date":"2016-11-08T05:00:45","date_gmt":"2016-11-08T08:00:45","guid":{"rendered":"https:\/\/pcce.com.ar\/pcce\/?p=1594"},"modified":"2016-11-08T05:00:45","modified_gmt":"2016-11-08T08:00:45","slug":"elecciones-en-el-carlos-pellegrini-se-consolida-la-16-de-septiembre","status":"publish","type":"post","link":"https:\/\/pcce.com.ar\/pcce\/2016\/11\/08\/elecciones-en-el-carlos-pellegrini-se-consolida-la-16-de-septiembre\/","title":{"rendered":"ELECCIONES EN EL CARLOS PELLEGRINI: Se consolida la 16 de Septiembre"},"content":{"rendered":"<div class=\"story\">\n<p class=\"basic-paragraph\"><span class=\"mayuscula\">ELECCIONES EN EL CARLOS PELLEGRINI<\/span><\/p>\n<\/div>\n<div class=\"story\">\n<h1 class=\"titulo-2\">Se consolida la 16 de Septiembre<\/h1>\n<\/div>\n<div class=\"group\"><\/div>\n<div class=\"story\">\n<p class=\"capitular-texto-gral\">El pasado 21 de octubre se realizaron las elecciones en el Centro de Estudiantes de la Escuela Superior de Comercio Carlos Pellegrini, en las que nos presentamos como Diecis\u00e9is de Septiembre (PCCE Secundarios + independientes).<\/p>\n<p class=\"texto-general\">A lo largo de casi 15 d\u00edas de campa\u00f1a y con la consigna \u201cQue el CECaP se pinte de ideas\u201d, discutimos con los estudiantes el momento pol\u00edtico que atraviesa el pa\u00eds y el necesario rol de la Izquierda y del movimiento estudiantil organizado en la defensa de Cristina y de todas las conquistas del Proyecto Nacional y Latinoamericano.<\/p>\n<p class=\"texto-general\">Finalmente, habiendo logrado un buen resultado electoral con casi 300 votos, el principal balance es que salimos de las elecciones con una Agrupaci\u00f3n fortalecida, con m\u00edstica, nuevas incorporaciones y con la certeza de que el futuro ser\u00e1 nuestro porque el presente es de lucha.<\/p>\n<p class=\"texto-general\">Asimismo, el desaf\u00edo es consolidar lo acumulado para poder llegar a otros centros de estudiantes y contribuir en forma m\u00e1s decisiva a la construcci\u00f3n el movimiento estudiantil secundario de la Capital.<\/p>\n<\/div>\n","protected":false},"excerpt":{"rendered":"<p>ELECCIONES EN EL CARLOS PELLEGRINI Se consolida la 16 de Septiembre El pasado 21 de octubre se realizaron las elecciones en el Centro de Estudiantes de la Escuela Superior de Comercio Carlos Pellegrini, en las que nos presentamos como Diecis\u00e9is de Septiembre (PCCE Secundarios + independientes). A lo largo de casi 15 d\u00edas de campa\u00f1a [&hellip;]<\/p>\n","protected":false},"author":1,"featured_media":1578,"comment_status":"closed","ping_status":"closed","sticky":false,"template":"","format":"standard","meta":{"tdm_status":"","tdm_grid_status":"","footnotes":""},"categories":[9],"tags":[],"class_list":["post-1594","post","type-post","status-publish","format-standard","has-post-thumbnail","hentry","category-vidadepartido"],"_links":{"self":[{"href":"https:\/\/pcce.com.ar\/pcce\/wp-json\/wp\/v2\/posts\/1594","targetHints":{"allow":["GET"]}}],"collection":[{"href":"https:\/\/pcce.com.ar\/pcce\/wp-json\/wp\/v2\/posts"}],"about":[{"href":"https:\/\/pcce.com.ar\/pcce\/wp-json\/wp\/v2\/types\/post"}],"author":[{"embeddable":true,"href":"https:\/\/pcce.com.ar\/pcce\/wp-json\/wp\/v2\/users\/1"}],"replies":[{"embeddable":true,"href":"https:\/\/pcce.com.ar\/pcce\/wp-json\/wp\/v2\/comments?post=1594"}],"version-history":[{"count":0,"href":"https:\/\/pcce.com.ar\/pcce\/wp-json\/wp\/v2\/posts\/1594\/revisions"}],"wp:featuredmedia":[{"embeddable":true,"href":"https:\/\/pcce.com.ar\/pcce\/wp-json\/wp\/v2\/media\/1578"}],"wp:attachment":[{"href":"https:\/\/pcce.com.ar\/pcce\/wp-json\/wp\/v2\/media?parent=1594"}],"wp:term":[{"taxonomy":"category","embeddable":true,"href":"https:\/\/pcce.com.ar\/pcce\/wp-json\/wp\/v2\/categories?post=1594"},{"taxonomy":"post_tag","embeddable":true,"href":"https:\/\/pcce.com.ar\/pcce\/wp-json\/wp\/v2\/tags?post=1594"}],"curies":[{"name":"wp","href":"https:\/\/api.w.org\/{rel}","templated":true}]}}