{"id":1639,"date":"2016-11-23T16:53:53","date_gmt":"2016-11-23T19:53:53","guid":{"rendered":"https:\/\/pcce.com.ar\/pcce\/?p=1639"},"modified":"2016-11-23T16:53:53","modified_gmt":"2016-11-23T19:53:53","slug":"colombia-renuevan-acuerdo-de-paz","status":"publish","type":"post","link":"https:\/\/pcce.com.ar\/pcce\/2016\/11\/23\/colombia-renuevan-acuerdo-de-paz\/","title":{"rendered":"COLOMBIA: Renuevan acuerdo de paz"},"content":{"rendered":"<div class=\"story\">\n<p class=\"basic-paragraph\"><span class=\"mayuscula\">COLOMBIA<\/span><\/p>\n<\/div>\n<div class=\"story\">\n<h1 class=\"basic-paragraph\">Renuevan acuerdo de paz<\/h1>\n<\/div>\n<div class=\"story\">\n<p class=\"capitular-texto-gral\">Tras avances en las negociaciones en Cuba, representantes del gobierno de Juan Manuel Santos y de la guerrilla de las FARC anunciaron en La Habana el nuevo acuerdo de paz, que incluye \u201cajustes y precisiones\u201d al aprobado previamente.<\/p>\n<p class=\"texto-general\">Despu\u00e9s del rechazo del plebiscito del 2 de octubre, los delegados extendieron las negociaciones para discutir ajustes al texto del acuerdo original, sobre la base de propuestas y sugerencias de dirigentes anotados en la campa\u00f1a por el NO.<\/p>\n<p class=\"texto-general\">\u201cNo hay m\u00e1s tiempo que perder\u201d, enfatiz\u00f3 Humberto De la Calle, jefe negociador de Colombia al intervenir, tras la firma del nuevo acuerdo en el acto al que asisti\u00f3 el canciller cubano Bruno Rodr\u00edguez Parrilla.<\/p>\n<p class=\"texto-general\">El acuerdo \u201cintegra cambios, precisiones y aportes de los m\u00e1s diversos sectores de la sociedad y que revisamos uno a uno\u201d, precis\u00f3 el texto elaborado tras el triunfo del NO que impidi\u00f3 implementar un pacto previo para acabar con 52 a\u00f1os de enfrentamiento armado.<\/p>\n<p class=\"texto-general\">Iv\u00e1n M\u00e1rquez (FARC-EP) agradeci\u00f3 a los garantes presentes, quienes \u201cimpulsaron contra viento y marea los avances de la mesa\u201d. Calific\u00f3 como \u201c\u00e1ngeles de la guarda\u201d a los acompa\u00f1antes de Venezuela y Chile, y en nombre de Colombia dio las gracias por \u201cdurante tanto tiempo ayudar a encontrar las sendas de la paz\u201d.<\/p>\n<p class=\"texto-general\">\u201cHemos trabajado d\u00eda y noche para entretejer el nuevo acuerdo que garantice la paz estable y duradera de Colombia\u201d, dijo M\u00e1rquez, quien anunci\u00f3 que prefieren llamar a este \u201cel acuerdo de la esperanza, poderoso instrumento para la democratizaci\u00f3n del pa\u00eds y para la materializaci\u00f3n de los derechos de la gente\u201d. Explic\u00f3 que \u201cnos produce una inmensa satisfacci\u00f3n que el nuevo acuerdo alcanzado preserva la estructura del primer texto\u201d, y asegur\u00f3 \u201cse incorporaron no menos del 65% de las iniciativas propuestas por otros sectores en el nuevo Acuerdo de Paz\u201d.<\/p>\n<\/div>\n","protected":false},"excerpt":{"rendered":"<p>COLOMBIA Renuevan acuerdo de paz Tras avances en las negociaciones en Cuba, representantes del gobierno de Juan Manuel Santos y de la guerrilla de las FARC anunciaron en La Habana el nuevo acuerdo de paz, que incluye \u201cajustes y precisiones\u201d al aprobado previamente. Despu\u00e9s del rechazo del plebiscito del 2 de octubre, los delegados extendieron [&hellip;]<\/p>\n","protected":false},"author":1,"featured_media":1621,"comment_status":"closed","ping_status":"closed","sticky":false,"template":"","format":"standard","meta":{"tdm_status":"","tdm_grid_status":"","footnotes":""},"categories":[14],"tags":[],"class_list":["post-1639","post","type-post","status-publish","format-standard","has-post-thumbnail","hentry","category-americalatinayelmundo"],"_links":{"self":[{"href":"https:\/\/pcce.com.ar\/pcce\/wp-json\/wp\/v2\/posts\/1639","targetHints":{"allow":["GET"]}}],"collection":[{"href":"https:\/\/pcce.com.ar\/pcce\/wp-json\/wp\/v2\/posts"}],"about":[{"href":"https:\/\/pcce.com.ar\/pcce\/wp-json\/wp\/v2\/types\/post"}],"author":[{"embeddable":true,"href":"https:\/\/pcce.com.ar\/pcce\/wp-json\/wp\/v2\/users\/1"}],"replies":[{"embeddable":true,"href":"https:\/\/pcce.com.ar\/pcce\/wp-json\/wp\/v2\/comments?post=1639"}],"version-history":[{"count":0,"href":"https:\/\/pcce.com.ar\/pcce\/wp-json\/wp\/v2\/posts\/1639\/revisions"}],"wp:featuredmedia":[{"embeddable":true,"href":"https:\/\/pcce.com.ar\/pcce\/wp-json\/wp\/v2\/media\/1621"}],"wp:attachment":[{"href":"https:\/\/pcce.com.ar\/pcce\/wp-json\/wp\/v2\/media?parent=1639"}],"wp:term":[{"taxonomy":"category","embeddable":true,"href":"https:\/\/pcce.com.ar\/pcce\/wp-json\/wp\/v2\/categories?post=1639"},{"taxonomy":"post_tag","embeddable":true,"href":"https:\/\/pcce.com.ar\/pcce\/wp-json\/wp\/v2\/tags?post=1639"}],"curies":[{"name":"wp","href":"https:\/\/api.w.org\/{rel}","templated":true}]}}