{"id":1646,"date":"2016-11-23T17:29:54","date_gmt":"2016-11-23T20:29:54","guid":{"rendered":"https:\/\/pcce.com.ar\/pcce\/?p=1646"},"modified":"2016-11-23T17:29:54","modified_gmt":"2016-11-23T20:29:54","slug":"lanus-mesa-distrital-de-salud","status":"publish","type":"post","link":"https:\/\/pcce.com.ar\/pcce\/2016\/11\/23\/lanus-mesa-distrital-de-salud\/","title":{"rendered":"LAN\u00daS: Mesa Distrital de Salud"},"content":{"rendered":"<div class=\"story\">\n<p class=\"basic-paragraph\"><span class=\"mayuscula\">LAN\u00daS<\/span><\/p>\n<\/div>\n<div class=\"story\">\n<h1 class=\"titulo-2\">Mesa Distrital de Salud<\/h1>\n<div class=\"story\">\n<p class=\"basic-paragraph\">Con motivo del Encuentro Nacional de Salud, organizado por el Instituto Patria, que se realizar\u00e1 en la Universidad Nacional de Lan\u00fas el s\u00e1bado 3 de diciembre, organizaciones sociales, pol\u00edticas y sindicales del distrito junto con los gremios docentes, no docentes, estudiantil y graduados de la UNLa, se reunieron el pasado 7 de noviembre para debatir acerca de las pol\u00edticas de vaciamiento, ajuste y desregulaci\u00f3n que Macri, Vidal y Grindetti aplicaron en materia de salud p\u00fablica durante este a\u00f1o. Con la conformaci\u00f3n de la Mesa y la construcci\u00f3n de un Observatorio local de Salud que haga frente al bloqueo estad\u00edstico que transitamos, se establece un nuevo instrumento para la lucha y la difusi\u00f3n de las medidas que buscan desfinanciar y acabar con el sistema p\u00fablico y dejar librada a su suerte a la poblaci\u00f3n m\u00e1s vulnerable.<\/p>\n<\/div>\n<div class=\"story\"><\/div>\n<\/div>\n","protected":false},"excerpt":{"rendered":"<p>LAN\u00daS Mesa Distrital de Salud Con motivo del Encuentro Nacional de Salud, organizado por el Instituto Patria, que se realizar\u00e1 en la Universidad Nacional de Lan\u00fas el s\u00e1bado 3 de diciembre, organizaciones sociales, pol\u00edticas y sindicales del distrito junto con los gremios docentes, no docentes, estudiantil y graduados de la UNLa, se reunieron el pasado [&hellip;]<\/p>\n","protected":false},"author":1,"featured_media":1627,"comment_status":"closed","ping_status":"closed","sticky":false,"template":"","format":"standard","meta":{"tdm_status":"","tdm_grid_status":"","footnotes":""},"categories":[9],"tags":[],"class_list":["post-1646","post","type-post","status-publish","format-standard","has-post-thumbnail","hentry","category-vidadepartido"],"_links":{"self":[{"href":"https:\/\/pcce.com.ar\/pcce\/wp-json\/wp\/v2\/posts\/1646","targetHints":{"allow":["GET"]}}],"collection":[{"href":"https:\/\/pcce.com.ar\/pcce\/wp-json\/wp\/v2\/posts"}],"about":[{"href":"https:\/\/pcce.com.ar\/pcce\/wp-json\/wp\/v2\/types\/post"}],"author":[{"embeddable":true,"href":"https:\/\/pcce.com.ar\/pcce\/wp-json\/wp\/v2\/users\/1"}],"replies":[{"embeddable":true,"href":"https:\/\/pcce.com.ar\/pcce\/wp-json\/wp\/v2\/comments?post=1646"}],"version-history":[{"count":0,"href":"https:\/\/pcce.com.ar\/pcce\/wp-json\/wp\/v2\/posts\/1646\/revisions"}],"wp:featuredmedia":[{"embeddable":true,"href":"https:\/\/pcce.com.ar\/pcce\/wp-json\/wp\/v2\/media\/1627"}],"wp:attachment":[{"href":"https:\/\/pcce.com.ar\/pcce\/wp-json\/wp\/v2\/media?parent=1646"}],"wp:term":[{"taxonomy":"category","embeddable":true,"href":"https:\/\/pcce.com.ar\/pcce\/wp-json\/wp\/v2\/categories?post=1646"},{"taxonomy":"post_tag","embeddable":true,"href":"https:\/\/pcce.com.ar\/pcce\/wp-json\/wp\/v2\/tags?post=1646"}],"curies":[{"name":"wp","href":"https:\/\/api.w.org\/{rel}","templated":true}]}}