{"id":1690,"date":"2016-12-08T10:35:50","date_gmt":"2016-12-08T13:35:50","guid":{"rendered":"https:\/\/pcce.com.ar\/pcce\/?p=1690"},"modified":"2016-12-08T10:35:50","modified_gmt":"2016-12-08T13:35:50","slug":"brasil-un-pueblo-sin-miedo","status":"publish","type":"post","link":"https:\/\/pcce.com.ar\/pcce\/2016\/12\/08\/brasil-un-pueblo-sin-miedo\/","title":{"rendered":"BRASIL: Un pueblo sin miedo"},"content":{"rendered":"<div class=\"story\">\n<p class=\"basic-paragraph\"><span class=\"mayuscula\">BRASIL<\/span><\/p>\n<\/div>\n<div class=\"story\">\n<h1 class=\"basic-paragraph\">Un pueblo sin miedo<\/h1>\n<\/div>\n<p class=\"capitular-texto-gral\">Una multitud se convoc\u00f3 frente al Museo de Arte de San Pablo, en la esquina que se disputan las fuerzas democr\u00e1ticas con los golpistas que desde 2015 organizaron acciones con el fin, finalmente concretado, de derrocar a Dilma Rousseff. La principal consigna de la marcha fue la negativa a la PEC 55, una propuesta de enmienda constitucional que el gobierno neoliberal pretende aprobar con el fin de congelar el gasto p\u00fablico por los pr\u00f3ximos 20 a\u00f1os. La movilizaci\u00f3n marc\u00f3 la recuperaci\u00f3n rotunda de las calles paulistas por parte del Frente Pueblo Sin Miedo (integrado, entre otros, por el PT, el PCdoB y el Movimiento de Trabajadores Sin Tierra), a pesar del ninguneo intencional por parte de los medios dominantes, que siguen respaldando a Temer, un presidente surgido de un golpe parlamentario y acosado por los constantes casos de corrupci\u00f3n gubernamental que aparecen relativos a su gabinete y que han ocasionado la renuncia de seis ministros en seis meses de gesti\u00f3n.<\/p>\n<p class=\"texto-general\">En este contexto movilizaci\u00f3n y resistencia, el ex pre Lula sostuvo que tanto \u00e9l como Cristina enfrentan a \u201cuna orquesta de invenciones y acusaciones\u201d desde el Poder Judicial y los medios hegem\u00f3nicos de comunicaci\u00f3n con el fin de neutralizar a las fuerzas populares en el escenario electoral. Adem\u00e1s, consider\u00f3 que los gobiernos de Macri y Temer tienen \u201cla misma concepci\u00f3n de la econom\u00eda\u201d, aprovechando la crisis autoinflingida para justificar el ajuste sobre los trabajadores.<\/p>\n<p class=\"texto-general\">Lula tambi\u00e9n homenaje\u00f3 v\u00eda redes sociales al compa\u00f1ero Fidel. \u201cMuri\u00f3 mi amigo y compa\u00f1ero, el m\u00e1s grande de todos los latinoamericanos\u201d, dijo. \u201cMantuvimos una relaci\u00f3n afectiva e intensa, buscando formas de emancipaci\u00f3n para nuestros pueblos\u201d, afirm\u00f3. Posteriormente public\u00f3 un video pintando una pared con las palabras \u201cViva Fidel\u201d, como humilde homenaje al Guerrillero del Tiempo.<\/p>\n","protected":false},"excerpt":{"rendered":"<p>BRASIL Un pueblo sin miedo Una multitud se convoc\u00f3 frente al Museo de Arte de San Pablo, en la esquina que se disputan las fuerzas democr\u00e1ticas con los golpistas que desde 2015 organizaron acciones con el fin, finalmente concretado, de derrocar a Dilma Rousseff. La principal consigna de la marcha fue la negativa a la [&hellip;]<\/p>\n","protected":false},"author":1,"featured_media":1680,"comment_status":"closed","ping_status":"closed","sticky":false,"template":"","format":"standard","meta":{"tdm_status":"","tdm_grid_status":"","footnotes":""},"categories":[14],"tags":[],"class_list":["post-1690","post","type-post","status-publish","format-standard","has-post-thumbnail","hentry","category-americalatinayelmundo"],"_links":{"self":[{"href":"https:\/\/pcce.com.ar\/pcce\/wp-json\/wp\/v2\/posts\/1690","targetHints":{"allow":["GET"]}}],"collection":[{"href":"https:\/\/pcce.com.ar\/pcce\/wp-json\/wp\/v2\/posts"}],"about":[{"href":"https:\/\/pcce.com.ar\/pcce\/wp-json\/wp\/v2\/types\/post"}],"author":[{"embeddable":true,"href":"https:\/\/pcce.com.ar\/pcce\/wp-json\/wp\/v2\/users\/1"}],"replies":[{"embeddable":true,"href":"https:\/\/pcce.com.ar\/pcce\/wp-json\/wp\/v2\/comments?post=1690"}],"version-history":[{"count":0,"href":"https:\/\/pcce.com.ar\/pcce\/wp-json\/wp\/v2\/posts\/1690\/revisions"}],"wp:featuredmedia":[{"embeddable":true,"href":"https:\/\/pcce.com.ar\/pcce\/wp-json\/wp\/v2\/media\/1680"}],"wp:attachment":[{"href":"https:\/\/pcce.com.ar\/pcce\/wp-json\/wp\/v2\/media?parent=1690"}],"wp:term":[{"taxonomy":"category","embeddable":true,"href":"https:\/\/pcce.com.ar\/pcce\/wp-json\/wp\/v2\/categories?post=1690"},{"taxonomy":"post_tag","embeddable":true,"href":"https:\/\/pcce.com.ar\/pcce\/wp-json\/wp\/v2\/tags?post=1690"}],"curies":[{"name":"wp","href":"https:\/\/api.w.org\/{rel}","templated":true}]}}