{"id":1736,"date":"2016-12-26T13:22:58","date_gmt":"2016-12-26T16:22:58","guid":{"rendered":"https:\/\/pcce.com.ar\/pcce\/?p=1736"},"modified":"2016-12-26T13:54:21","modified_gmt":"2016-12-26T16:54:21","slug":"entre-rios-encuentro-con-maximo-en-paran","status":"publish","type":"post","link":"https:\/\/pcce.com.ar\/pcce\/2016\/12\/26\/entre-rios-encuentro-con-maximo-en-paran\/","title":{"rendered":"ENTRE R\u00cdOS: Encuentro con M\u00e1ximo en Paran"},"content":{"rendered":"<div class=\"story\">\n<p class=\"basic-paragraph\"><span class=\"mayuscula\">ENTRE R\u00cdOS<\/span><\/p>\n<\/div>\n<div class=\"story\">\n<h1 class=\"titulo-2\">Encuentro con M\u00e1ximo en Paran\u00e1<\/h1>\n<\/div>\n<div class=\"story\">\n<p class=\"capitular-texto-gral\">El pasado 2 de diciembre el compa\u00f1ero M\u00e1ximo Kirchner particip\u00f3 en Paran\u00e1 de varios encuentros pol\u00edticos y cerr\u00f3 con un multitudinario acto. En las reuniones organizativas previas se plante\u00f3 que M\u00e1ximo quer\u00eda reunirse no solo con las fuerzas pol\u00edticas y sociales de Entre R\u00edos, sino tambi\u00e9n con los sindicatos que accedieran a una reuni\u00f3n. Nuestro Partido recogi\u00f3 el desaf\u00edo y comenzamos junto con los compa\u00f1eros de La C\u00e1mpora a pensar y darle forma al encuentro sindical, primero con los gremios dentro de la CTA Entre R\u00edos con quienes venimos trabajando y luego en una gran convocatoria a los gremios de CGT en las 7 regionales de la provincia.<\/p>\n<p class=\"texto-general\">Como resultado realizamos en la UADER el encuentro sindical con M\u00e1ximo y el Cuervo Larroque, al que asistieron 42 secretarios generales de diferentes sindicatos de la CTA como de la CGT, y en aquellas regionales donde la burocracia no particip\u00f3, los compa\u00f1eros de la CGT concurrieron como juntas internas y agrupaciones sindicales, en una muestra de unidad del movimiento obrero en defensa de los 12 a\u00f1os de N\u00e9stor y Cristina, como as\u00ed tambi\u00e9n una necesidad ante los embates del gobierno de los CEOs contra los trabajadores.<\/p>\n<p class=\"texto-general\">Del encuentro, el compa\u00f1ero M\u00e1ximo se pudo nutrir de las problem\u00e1ticas por las que atraviesan los trabajadores en la provincia y cu\u00e1les son los desaf\u00edos inmediatos. El intercambio marc\u00f3 un inicio en las acciones y la unidad de los trabajadores de Entre R\u00edos y tambi\u00e9n una ratificaci\u00f3n de la conducci\u00f3n de la compa\u00f1era Cristina.<\/p>\n<p class=\"texto-general\">Luego nos dirigimos a la Plaza del Bombero donde una gran cantidad de organizaciones pol\u00edticas y sociales, como as\u00ed tambi\u00e9n muchos compa\u00f1eros sueltos, pudimos desahogar en un solo grito un a\u00f1o muy duro para el pueblo argentino. La presencia de M\u00e1ximo marc\u00f3 una senda en la necesidad de la construcci\u00f3n de la fuerza pol\u00edtica que garantice no solo un triunfo en 2017 y 2019, sino que podamos sostener un proceso que devuelva a los argentinos la esperanza, la soberan\u00eda, el trabajo, la libertad y el crecimiento que logramos durante la \u00faltima d\u00e9cada.<\/p>\n<\/div>\n","protected":false},"excerpt":{"rendered":"<p>ENTRE R\u00cdOS Encuentro con M\u00e1ximo en Paran\u00e1 El pasado 2 de diciembre el compa\u00f1ero M\u00e1ximo Kirchner particip\u00f3 en Paran\u00e1 de varios encuentros pol\u00edticos y cerr\u00f3 con un multitudinario acto. En las reuniones organizativas previas se plante\u00f3 que M\u00e1ximo quer\u00eda reunirse no solo con las fuerzas pol\u00edticas y sociales de Entre R\u00edos, sino tambi\u00e9n con los [&hellip;]<\/p>\n","protected":false},"author":1,"featured_media":1718,"comment_status":"closed","ping_status":"closed","sticky":false,"template":"","format":"standard","meta":{"tdm_status":"","tdm_grid_status":"","footnotes":""},"categories":[9],"tags":[],"class_list":["post-1736","post","type-post","status-publish","format-standard","has-post-thumbnail","hentry","category-vidadepartido"],"_links":{"self":[{"href":"https:\/\/pcce.com.ar\/pcce\/wp-json\/wp\/v2\/posts\/1736","targetHints":{"allow":["GET"]}}],"collection":[{"href":"https:\/\/pcce.com.ar\/pcce\/wp-json\/wp\/v2\/posts"}],"about":[{"href":"https:\/\/pcce.com.ar\/pcce\/wp-json\/wp\/v2\/types\/post"}],"author":[{"embeddable":true,"href":"https:\/\/pcce.com.ar\/pcce\/wp-json\/wp\/v2\/users\/1"}],"replies":[{"embeddable":true,"href":"https:\/\/pcce.com.ar\/pcce\/wp-json\/wp\/v2\/comments?post=1736"}],"version-history":[{"count":0,"href":"https:\/\/pcce.com.ar\/pcce\/wp-json\/wp\/v2\/posts\/1736\/revisions"}],"wp:featuredmedia":[{"embeddable":true,"href":"https:\/\/pcce.com.ar\/pcce\/wp-json\/wp\/v2\/media\/1718"}],"wp:attachment":[{"href":"https:\/\/pcce.com.ar\/pcce\/wp-json\/wp\/v2\/media?parent=1736"}],"wp:term":[{"taxonomy":"category","embeddable":true,"href":"https:\/\/pcce.com.ar\/pcce\/wp-json\/wp\/v2\/categories?post=1736"},{"taxonomy":"post_tag","embeddable":true,"href":"https:\/\/pcce.com.ar\/pcce\/wp-json\/wp\/v2\/tags?post=1736"}],"curies":[{"name":"wp","href":"https:\/\/api.w.org\/{rel}","templated":true}]}}