{"id":1846,"date":"2017-03-29T18:26:48","date_gmt":"2017-03-29T21:26:48","guid":{"rendered":"https:\/\/pcce.com.ar\/pcce\/?p=1846"},"modified":"2017-03-29T18:26:48","modified_gmt":"2017-03-29T21:26:48","slug":"rodolfo-walsh-40-anos","status":"publish","type":"post","link":"https:\/\/pcce.com.ar\/pcce\/2017\/03\/29\/rodolfo-walsh-40-anos\/","title":{"rendered":"RODOLFO WALSH: 40 a\u00f1os"},"content":{"rendered":"<div class=\"story\"><\/div>\n<div class=\"story\"><\/div>\n<div class=\"image\">Este 25 de marzo se cumplen cuarenta a\u00f1os de la desaparici\u00f3n del gran intelectual revolucionario argentino Rodolfo Walsh. Escritor, periodista y, fundamentalmente, militante, Walsh supo poner sus capacidades y conocimientos al servicio de la causa de la clase trabajadora y de la liberaci\u00f3n nacional y social del pueblo argentino.<\/div>\n<div class=\"story\">\n<p class=\"texto-general\">De ascendencia irlandesa, Rodolfo Walsh naci\u00f3 en la actual localidad de Lamarque, al sudeste y cerca de Choele Choel, Provincia de R\u00edo Negro, el 9 de enero de 1927. Estudi\u00f3 Letras en la Universidad Nacional de La Plata, ciudad en la que vivi\u00f3 bastante tiempo, as\u00ed como en El Tigre y finalmente en Buenos Aires.<\/p>\n<p class=\"texto-general\">Como escritor se destacan sus obras \u201cOperaci\u00f3n Masacre\u201d o \u201c\u00bfQui\u00e9n mat\u00f3 a Rosendo?\u201d, as\u00ed como numerosos cuentos policiales y algunas obras de teatro, entre tanto que escribi\u00f3 y rebasa la posibilidad de su cuenta en una nota.<\/p>\n<p class=\"texto-general\">Como periodista revolucionario podemos destacar su participaci\u00f3n en la fundaci\u00f3n de la agencia de noticias cubana Prensa Latina en 1959, su rol de fundador y director del Diario CGT de los Argentinos en 1968, o su creaci\u00f3n de ANCLA (Agencia de Noticias Clandestina) en 1976, sin contar su prol\u00edfica participaci\u00f3n en numerosos medios escritos durante d\u00e9cadas.<\/p>\n<p class=\"texto-general\">El 24 de marzo de 1977, al cumplirse un a\u00f1o del Golpe de Estado genocida, Walsh public\u00f3 e hizo circular clandestinamente su hist\u00f3rica \u201cCarta Abierta de un escritor a la Junta Militar\u201d, en la que denunciaba con total claridad conceptual y precisos argumentos demostrativos basados en datos concretos de la realidad de ese a\u00f1o transcurrido, tanto el car\u00e1cter de clase de la dictadura como su consecuente pol\u00edtica represiva sobre el movimiento obrero, estudiantil y popular: \u201cEstas son las reflexiones que en el primer aniversario de su infausto gobierno he querido hacer llegar a los miembros de esa Junta, sin esperanza de ser escuchado, con la certeza de ser perseguido, pero fiel al compromiso que asum\u00ed hace mucho tiempo de dar testimonio en momentos dif\u00edciles\u201d.<\/p>\n<p class=\"texto-general\">Al d\u00eda siguiente, Rodolfo Walsh fue interceptado por un \u201cgrupo de tareas\u201d de la dictadura en la intersecci\u00f3n de las Avenidas San Juan y Entre R\u00edos de la Ciudad de Buenos Aires. Resisti\u00f3 la emboscada a tiros de pistola contra fusiles autom\u00e1ticos, cay\u00f3 herido, fue apresado m\u00e1s que detenido, luego asesinado y hasta hoy desaparecido.<\/p>\n<p class=\"texto-general\">Rodolfo Walsh es y ser\u00e1 un ejemplo del intelectual comprometido con su tiempo.<\/p>\n<p class=\"texto-general\">R.G.M.<\/p>\n<\/div>\n","protected":false},"excerpt":{"rendered":"<p>Este 25 de marzo se cumplen cuarenta a\u00f1os de la desaparici\u00f3n del gran intelectual revolucionario argentino Rodolfo Walsh. Escritor, periodista y, fundamentalmente, militante, Walsh supo poner sus capacidades y conocimientos al servicio de la causa de la clase trabajadora y de la liberaci\u00f3n nacional y social del pueblo argentino. De ascendencia irlandesa, Rodolfo Walsh naci\u00f3 [&hellip;]<\/p>\n","protected":false},"author":1,"featured_media":1838,"comment_status":"closed","ping_status":"closed","sticky":false,"template":"","format":"standard","meta":{"tdm_status":"","tdm_grid_status":"","footnotes":""},"categories":[17],"tags":[],"class_list":["post-1846","post","type-post","status-publish","format-standard","has-post-thumbnail","hentry","category-contratapa"],"_links":{"self":[{"href":"https:\/\/pcce.com.ar\/pcce\/wp-json\/wp\/v2\/posts\/1846","targetHints":{"allow":["GET"]}}],"collection":[{"href":"https:\/\/pcce.com.ar\/pcce\/wp-json\/wp\/v2\/posts"}],"about":[{"href":"https:\/\/pcce.com.ar\/pcce\/wp-json\/wp\/v2\/types\/post"}],"author":[{"embeddable":true,"href":"https:\/\/pcce.com.ar\/pcce\/wp-json\/wp\/v2\/users\/1"}],"replies":[{"embeddable":true,"href":"https:\/\/pcce.com.ar\/pcce\/wp-json\/wp\/v2\/comments?post=1846"}],"version-history":[{"count":0,"href":"https:\/\/pcce.com.ar\/pcce\/wp-json\/wp\/v2\/posts\/1846\/revisions"}],"wp:featuredmedia":[{"embeddable":true,"href":"https:\/\/pcce.com.ar\/pcce\/wp-json\/wp\/v2\/media\/1838"}],"wp:attachment":[{"href":"https:\/\/pcce.com.ar\/pcce\/wp-json\/wp\/v2\/media?parent=1846"}],"wp:term":[{"taxonomy":"category","embeddable":true,"href":"https:\/\/pcce.com.ar\/pcce\/wp-json\/wp\/v2\/categories?post=1846"},{"taxonomy":"post_tag","embeddable":true,"href":"https:\/\/pcce.com.ar\/pcce\/wp-json\/wp\/v2\/tags?post=1846"}],"curies":[{"name":"wp","href":"https:\/\/api.w.org\/{rel}","templated":true}]}}