{"id":1860,"date":"2017-03-29T19:05:53","date_gmt":"2017-03-29T22:05:53","guid":{"rendered":"https:\/\/pcce.com.ar\/pcce\/?p=1860"},"modified":"2017-03-29T19:05:53","modified_gmt":"2017-03-29T22:05:53","slug":"laureano-mediano-hasta-la-victoria-siempre","status":"publish","type":"post","link":"https:\/\/pcce.com.ar\/pcce\/2017\/03\/29\/laureano-mediano-hasta-la-victoria-siempre\/","title":{"rendered":"Laureano Mediano: \u00a1Hasta la victoria, siempre!"},"content":{"rendered":"<div class=\"story\">\n<p class=\"basic-paragraph\"><span class=\"mayuscula\">Laureano Mediano<\/span><\/p>\n<\/div>\n<div class=\"story\">\n<h1 class=\"titulo-2\">\u00a1Hasta la victoria, siempre!<\/h1>\n<\/div>\n<div class=\"story\">\n<p class=\"capitular-texto-gral\">El d\u00eda 10 de marzo, nos dej\u00f3 para siempre el camarada Laureano Mediano. Quienes lo conocimos supimos de su perseverante militancia sindical y pol\u00edtica.<\/p>\n<p class=\"texto-general\">Nacido en La Pampa vino a Buenos Aires y tras diversos trabajos, se hizo canillita. Forj\u00f3 amistad con vecinos del barrio, escritores, artistas, profesionales quienes organizaron un memorable festejo al cumplir cincuenta a\u00f1os de \u201cmensajero de noticias\u201d en la misma parada de SanTelmo. Fue Tesorero de una direcci\u00f3n hist\u00f3rica y combativa, desde la cual impuls\u00f3 la construcci\u00f3n de la sede central del sindicato, edificio que fue y es vivienda de familias canilllitas. Particip\u00f3 en la forja del PCCE desde sus inicios. Estando internado, pidi\u00f3 a su esposa le llevara el libro en homenaje a nuestro querido Jorge, para completar su lectura. As\u00ed se apag\u00f3 su vida, a los 87 a\u00f1os.<\/p>\n<p class=\"texto-general\">Hasta la victoria siempre, camarada.<\/p>\n<\/div>\n","protected":false},"excerpt":{"rendered":"<p>Laureano Mediano \u00a1Hasta la victoria, siempre! El d\u00eda 10 de marzo, nos dej\u00f3 para siempre el camarada Laureano Mediano. Quienes lo conocimos supimos de su perseverante militancia sindical y pol\u00edtica. Nacido en La Pampa vino a Buenos Aires y tras diversos trabajos, se hizo canillita. Forj\u00f3 amistad con vecinos del barrio, escritores, artistas, profesionales quienes [&hellip;]<\/p>\n","protected":false},"author":1,"featured_media":1831,"comment_status":"closed","ping_status":"closed","sticky":false,"template":"","format":"standard","meta":{"tdm_status":"","tdm_grid_status":"","footnotes":""},"categories":[9],"tags":[],"class_list":["post-1860","post","type-post","status-publish","format-standard","has-post-thumbnail","hentry","category-vidadepartido"],"_links":{"self":[{"href":"https:\/\/pcce.com.ar\/pcce\/wp-json\/wp\/v2\/posts\/1860","targetHints":{"allow":["GET"]}}],"collection":[{"href":"https:\/\/pcce.com.ar\/pcce\/wp-json\/wp\/v2\/posts"}],"about":[{"href":"https:\/\/pcce.com.ar\/pcce\/wp-json\/wp\/v2\/types\/post"}],"author":[{"embeddable":true,"href":"https:\/\/pcce.com.ar\/pcce\/wp-json\/wp\/v2\/users\/1"}],"replies":[{"embeddable":true,"href":"https:\/\/pcce.com.ar\/pcce\/wp-json\/wp\/v2\/comments?post=1860"}],"version-history":[{"count":0,"href":"https:\/\/pcce.com.ar\/pcce\/wp-json\/wp\/v2\/posts\/1860\/revisions"}],"wp:featuredmedia":[{"embeddable":true,"href":"https:\/\/pcce.com.ar\/pcce\/wp-json\/wp\/v2\/media\/1831"}],"wp:attachment":[{"href":"https:\/\/pcce.com.ar\/pcce\/wp-json\/wp\/v2\/media?parent=1860"}],"wp:term":[{"taxonomy":"category","embeddable":true,"href":"https:\/\/pcce.com.ar\/pcce\/wp-json\/wp\/v2\/categories?post=1860"},{"taxonomy":"post_tag","embeddable":true,"href":"https:\/\/pcce.com.ar\/pcce\/wp-json\/wp\/v2\/tags?post=1860"}],"curies":[{"name":"wp","href":"https:\/\/api.w.org\/{rel}","templated":true}]}}