{"id":1908,"date":"2017-04-09T15:03:51","date_gmt":"2017-04-09T18:03:51","guid":{"rendered":"https:\/\/pcce.com.ar\/pcce\/?p=1908"},"modified":"2017-04-09T15:18:50","modified_gmt":"2017-04-09T18:18:50","slug":"vicente-lopez-formacion-para-la-planificacion","status":"publish","type":"post","link":"https:\/\/pcce.com.ar\/pcce\/2017\/04\/09\/vicente-lopez-formacion-para-la-planificacion\/","title":{"rendered":"VICENTE L\u00d3PEZ: Formaci\u00f3n para la planificaci\u00f3n"},"content":{"rendered":"<div class=\"story\">\n<p class=\"basic-paragraph\"><span class=\"mayuscula\">VICENTE L\u00d3PEZ<\/span><\/p>\n<\/div>\n<div class=\"story\">\n<h1 class=\"titulo-2\">Formaci\u00f3n para la planificaci\u00f3n<\/h1>\n<\/div>\n<div class=\"story\">\n<p class=\"capitular-texto-gral\">El pasado 1 de abril realizamos en Vicente L\u00f3pez una importante reuni\u00f3n de la direcci\u00f3n ampliada del Zonal con el activo principal donde iniciamos la discusi\u00f3n del material del compa\u00f1ero Ra\u00fal Castro, \u201cEsp\u00edritu de lucha\u201d y profundizamos, adem\u00e1s, en la planificaci\u00f3n de nuestra pol\u00edtica de concentraci\u00f3n y distribuci\u00f3n de tareas. La reuni\u00f3n se realiz\u00f3 en un momento de expansi\u00f3n de nuestra fuerza, de incorporaci\u00f3n y consolidaci\u00f3n de nuevos compa\u00f1eros.<\/p>\n<p class=\"texto-general\">En Secundarios conformamos una c\u00e9lula del Partido desde donde vamos consolidando nuestra presencia en Vicente L\u00f3pez y proyectamos llegar a otras importantes escuelas de la zona. Participamos adem\u00e1s en las hist\u00f3ricas jornadas de lucha de marzo, realizamos videos debate, estuvimos junto a los trabajadores de Atanor donde acercamos nuestra solidaridad y realizamos diversas actividades por el D\u00eda de la Memoria.<\/p>\n<p class=\"texto-general\">Por otra parte, nos propusimos conformar c\u00e9lulas de trabajadores de distintos lugares y ramas, concentrando principalmente en el conflicto docente junto a compa\u00f1eros que ejercen en distintas escuelas de la zona, y con los trabajadores de la Salud a partir de nuestra presencia en el Hospital de San Isidro.<\/p>\n<p class=\"texto-general\">Terminamos la reuni\u00f3n convoc\u00e1ndonos a releer el material y profundizar en su an\u00e1lisis, en fortalecer nuestro v\u00ednculo con estudiantes y trabajadores de la zona para resistir al neoliberalismo y aportar a construir la mayor\u00eda necesaria para volver al gobierno bajo la conducci\u00f3n de Cristina.<\/p>\n<\/div>\n","protected":false},"excerpt":{"rendered":"<p>VICENTE L\u00d3PEZ Formaci\u00f3n para la planificaci\u00f3n El pasado 1 de abril realizamos en Vicente L\u00f3pez una importante reuni\u00f3n de la direcci\u00f3n ampliada del Zonal con el activo principal donde iniciamos la discusi\u00f3n del material del compa\u00f1ero Ra\u00fal Castro, \u201cEsp\u00edritu de lucha\u201d y profundizamos, adem\u00e1s, en la planificaci\u00f3n de nuestra pol\u00edtica de concentraci\u00f3n y distribuci\u00f3n de [&hellip;]<\/p>\n","protected":false},"author":1,"featured_media":1882,"comment_status":"closed","ping_status":"closed","sticky":false,"template":"","format":"standard","meta":{"tdm_status":"","tdm_grid_status":"","footnotes":""},"categories":[9],"tags":[],"class_list":["post-1908","post","type-post","status-publish","format-standard","has-post-thumbnail","hentry","category-vidadepartido"],"_links":{"self":[{"href":"https:\/\/pcce.com.ar\/pcce\/wp-json\/wp\/v2\/posts\/1908","targetHints":{"allow":["GET"]}}],"collection":[{"href":"https:\/\/pcce.com.ar\/pcce\/wp-json\/wp\/v2\/posts"}],"about":[{"href":"https:\/\/pcce.com.ar\/pcce\/wp-json\/wp\/v2\/types\/post"}],"author":[{"embeddable":true,"href":"https:\/\/pcce.com.ar\/pcce\/wp-json\/wp\/v2\/users\/1"}],"replies":[{"embeddable":true,"href":"https:\/\/pcce.com.ar\/pcce\/wp-json\/wp\/v2\/comments?post=1908"}],"version-history":[{"count":0,"href":"https:\/\/pcce.com.ar\/pcce\/wp-json\/wp\/v2\/posts\/1908\/revisions"}],"wp:featuredmedia":[{"embeddable":true,"href":"https:\/\/pcce.com.ar\/pcce\/wp-json\/wp\/v2\/media\/1882"}],"wp:attachment":[{"href":"https:\/\/pcce.com.ar\/pcce\/wp-json\/wp\/v2\/media?parent=1908"}],"wp:term":[{"taxonomy":"category","embeddable":true,"href":"https:\/\/pcce.com.ar\/pcce\/wp-json\/wp\/v2\/categories?post=1908"},{"taxonomy":"post_tag","embeddable":true,"href":"https:\/\/pcce.com.ar\/pcce\/wp-json\/wp\/v2\/tags?post=1908"}],"curies":[{"name":"wp","href":"https:\/\/api.w.org\/{rel}","templated":true}]}}