{"id":1919,"date":"2017-04-09T15:18:08","date_gmt":"2017-04-09T18:18:08","guid":{"rendered":"https:\/\/pcce.com.ar\/pcce\/?p=1919"},"modified":"2017-04-09T15:18:08","modified_gmt":"2017-04-09T18:18:08","slug":"una-jornada-historica-parazo-al-neoliberalismo","status":"publish","type":"post","link":"https:\/\/pcce.com.ar\/pcce\/2017\/04\/09\/una-jornada-historica-parazo-al-neoliberalismo\/","title":{"rendered":"UNA JORNADA HIST\u00d3RICA: Parazo al neoliberalismo"},"content":{"rendered":"<div class=\"story\">\n<p class=\"titulo-2\">UNA JORNADA HIST\u00d3RICA<\/p>\n<\/div>\n<div class=\"story\">\n<h1 class=\"titulo-2\">Parazo al neoliberalismo<\/h1>\n<\/div>\n<div class=\"story\">\n<p class=\"capitular-texto-gral\">Forzado por el clamor de millones de compatriotas en todo el pa\u00eds, se desarroll\u00f3 este 6 de abril un paro general cuyo alcance y masividad no se observaban desde hace d\u00e9cadas en nuestra patria. Fue posible por la reacci\u00f3n de las bases. No s\u00f3lo el movimiento obrero se expres\u00f3 de forma contundente, tambi\u00e9n lo hicieron las Pymes y comercios con un extendido cierre de persianas, golpeados por una ca\u00edda del consumo masivo que no se detiene y arrinconados por el tsunami importador que se lleva puestos a importantes segmentos de nuestra industria nacional. El despliegue previo de los monopolios medi\u00e1ticos fue desembozado, buscando generar miedo y pretendiendo tambi\u00e9n minimizar la magnitud de una medida de fuerza que fue antecedida por hist\u00f3ricas movilizaciones durante el mes de marzo (docentes, CGT, mujeres, 24 de marzo y las CTA) con un denominador com\u00fan: basta de despidos, de suspensiones, de ca\u00edda del salario y flexibilizaci\u00f3n laboral. El eje de la confrontaci\u00f3n es el neoliberalismo.<\/p>\n<p class=\"texto-general\">Empezaron hablando del segundo semestre, luego anunciaron los primeros brotes verdes, despu\u00e9s informaron que arranc\u00f3 la econom\u00eda y finalmente que baj\u00f3 la pobreza y creci\u00f3 el empleo. La frutilla la puso Macri cuando celebr\u00f3, el mism\u00edsimo 6 de abril, y con un pa\u00eds paralizado como marco: \u201c\u00a1qu\u00e9 bueno que estamos todos ac\u00e1 trabajando!\u201d. Incre\u00edble pero real. El gobierno busca revertir unas expectativas muy devaluadas, pero choca frontalmente con una realidad econ\u00f3mica y social cada d\u00eda m\u00e1s acuciante. S\u00f3lo en el mes de febrero cay\u00f3 3,4 por ciento la construcci\u00f3n y la actividad industrial un 6 por ciento, con bajas en todos los bloques. Si a eso le incorporamos un nuevo aumento en las tarifas (en el caso del gas acumular\u00e1 400% de invierno a invierno) es evidente que fracasar\u00e1n en su pretensi\u00f3n de mejorar el humor de la poblaci\u00f3n.<\/p>\n<p class=\"texto-general\">Quisieron presentar la imagen del 1 de abril como una ola de respaldo popular, pero eso tuvo corto aliento. Se moviliz\u00f3 el n\u00facleo m\u00e1s consecuente, que es su base social de alto poder adquisitivo, adultos mayores en su gran mayor\u00eda y rayanos con el fascismo. La polic\u00eda de la Ciudad (que es de ellos) habl\u00f3 de 25 mil personas. Fue tan ef\u00edmero el alcance del 1A que tuvieron que apelar nuevamente al Partido Judicial para intentar correr el foco en la antesala de una huelga de enorme trascendencia. Su desvelo principal se llama Cristina Fern\u00e1ndez de Kirchner y no lo ocultan; m\u00e1s a\u00fan frente a la posibilidad de una candidatura de la ex presidenta. Por eso Bonad\u00edo, autodeclarado incompetente, dict\u00f3 pese a ello su segundo procesamiento en el marco de una causa inventada a partir de una de las tantas denuncias de la mandadera Stolbizer. Cuanto m\u00e1s aguda sea la crisis social, m\u00e1s van a apuntar contra Cristina. Al mismo tiempo, las usinas del poder real expanden la construcci\u00f3n subjetiva de que su presencia (y su eventual candidatura) le es funcional a Macri. Es de manual, buscan sacarla del medio por las \u201cbuenas\u201d y por las malas.<\/p>\n<p class=\"texto-general\">El enemigo sabe que la inmensa mayor\u00eda de quienes ganaron las calles durante las \u00faltimas semanas se siente identificada con el proyecto nacional y el liderazgo de Cristina. Y m\u00e1s a\u00fan en la base de los cientos de miles de laburantes (en particular de los gremios industriales) que lograron imponer el paro general despu\u00e9s las piruetas y caracoleos de la c\u00fapula de la CGT. El dato es que la perspectiva pol\u00edtica del creciente descontento social existe: est\u00e1 representada en la conducci\u00f3n de Cristina. Es una diferencia cualitativa respecto al 2001, donde no hab\u00eda \u201cnada ni nadie\u201d. Hemos avanzado en t\u00e9rminos de conciencia y organizaci\u00f3n, aunque nos falta construir la estrat\u00e9gica fuerza propia, sobre todo en el seno del movimiento obrero. En estos d\u00edas, al calor de estas hist\u00f3ricas jornadas de lucha, emerge una enorme oportunidad.<\/p>\n<\/div>\n","protected":false},"excerpt":{"rendered":"<p>UNA JORNADA HIST\u00d3RICA Parazo al neoliberalismo Forzado por el clamor de millones de compatriotas en todo el pa\u00eds, se desarroll\u00f3 este 6 de abril un paro general cuyo alcance y masividad no se observaban desde hace d\u00e9cadas en nuestra patria. Fue posible por la reacci\u00f3n de las bases. No s\u00f3lo el movimiento obrero se expres\u00f3 [&hellip;]<\/p>\n","protected":false},"author":1,"featured_media":1892,"comment_status":"closed","ping_status":"closed","sticky":false,"template":"","format":"standard","meta":{"tdm_status":"","tdm_grid_status":"","footnotes":""},"categories":[21,4],"tags":[],"class_list":["post-1919","post","type-post","status-publish","format-standard","has-post-thumbnail","hentry","category-editorial","category-featured"],"_links":{"self":[{"href":"https:\/\/pcce.com.ar\/pcce\/wp-json\/wp\/v2\/posts\/1919","targetHints":{"allow":["GET"]}}],"collection":[{"href":"https:\/\/pcce.com.ar\/pcce\/wp-json\/wp\/v2\/posts"}],"about":[{"href":"https:\/\/pcce.com.ar\/pcce\/wp-json\/wp\/v2\/types\/post"}],"author":[{"embeddable":true,"href":"https:\/\/pcce.com.ar\/pcce\/wp-json\/wp\/v2\/users\/1"}],"replies":[{"embeddable":true,"href":"https:\/\/pcce.com.ar\/pcce\/wp-json\/wp\/v2\/comments?post=1919"}],"version-history":[{"count":0,"href":"https:\/\/pcce.com.ar\/pcce\/wp-json\/wp\/v2\/posts\/1919\/revisions"}],"wp:featuredmedia":[{"embeddable":true,"href":"https:\/\/pcce.com.ar\/pcce\/wp-json\/wp\/v2\/media\/1892"}],"wp:attachment":[{"href":"https:\/\/pcce.com.ar\/pcce\/wp-json\/wp\/v2\/media?parent=1919"}],"wp:term":[{"taxonomy":"category","embeddable":true,"href":"https:\/\/pcce.com.ar\/pcce\/wp-json\/wp\/v2\/categories?post=1919"},{"taxonomy":"post_tag","embeddable":true,"href":"https:\/\/pcce.com.ar\/pcce\/wp-json\/wp\/v2\/tags?post=1919"}],"curies":[{"name":"wp","href":"https:\/\/api.w.org\/{rel}","templated":true}]}}