{"id":19951,"date":"2023-09-01T15:21:08","date_gmt":"2023-09-01T18:21:08","guid":{"rendered":"https:\/\/pcce.com.ar\/pcce\/?p=19951"},"modified":"2023-09-01T15:21:08","modified_gmt":"2023-09-01T18:21:08","slug":"un-ano-del-intento-del-intento-de-magnicidio-contra-cfk-democracia-o-fascismo","status":"publish","type":"post","link":"https:\/\/pcce.com.ar\/pcce\/2023\/09\/01\/un-ano-del-intento-del-intento-de-magnicidio-contra-cfk-democracia-o-fascismo\/","title":{"rendered":"UN A\u00d1O DEL INTENTO DEL INTENTO DE MAGNICIDIO CONTRA CFK &#8211; Democracia o fascismo"},"content":{"rendered":"<h4>UN A\u00d1O DEL INTENTO DEL INTENTO DE MAGNICIDIO CONTRA CFK<\/h4>\n<h1>Democracia o fascismo<\/h1>\n<p>El 1 de septiembre se cumple un a\u00f1o del intento de asesinato de Cristina y los \u00fanicos imputados son Fernando Sabag Montiel, Branda Uliarte y Nicol\u00e1s Carrizo. La jueza Capuchetti y el fiscal Carlos R\u00edvolo elevaron el expediente a la instancia oral sin incorporar la prueba que reclama la querella de la Vicepresidenta.<br \/>\nDesde el primer d\u00eda, las autoridades judiciales han puesto una traba tras otra para impedir que salga a la luz la verdad de lo ocurrido. Toda la investigaci\u00f3n est\u00e1 plagada de testigos que borraron sus tel\u00e9fonos, prueba que se destruy\u00f3 sin investigar sus causas y motivaciones, y un intento evidente y desesperado por evitar hallar la participaci\u00f3n del poder real como financista e instigador del atentado.<br \/>\nNo es que fueran especialmente cuidadosos, nadie se preocup\u00f3 mucho por no dejar huellas. Al contrario, se sabe cu\u00e1ndo y d\u00f3nde se borraron los tel\u00e9fonos de las asesoras de Millman, quien brind\u00f3 el asesoramiento. Lo mismo con los millones que le dieron a Morel los Caputo. Pese a la fragmentaci\u00f3n de los hechos en cuatro expedientes judiciales (una divisi\u00f3n impuesta por los camaristas Bruglia, Llorens y Bertuzzi junto a la jueza Capuchetti), emergen m\u00e1s conexiones pol\u00edticas y econ\u00f3micas con familiares de amigos y ex funcionarios del gobierno de Macri (como los Caputo), y dirigentes pol\u00edticos del mismo sector, desde Ricardo L\u00f3pez Murphy hasta Patricia Bullrich, Javier Milei, Jos\u00e9 Luis Espert y Gerardo Milman. Tienen de su lado el poder suficiente para asegurarse la impunidad.<br \/>\nEl partido judicial se convirti\u00f3 en ejecutor de las pol\u00edticas de odio y el condicionamiento de la democracia. A lo largo de toda Am\u00e9rica Latina, las usinas medi\u00e1ticas y de los procedimientos de lawfare suplantaron a las fuerzas armadas en la interrupci\u00f3n de la vida democr\u00e1tica, pas\u00f3 en Brasil con Dilma y Lula. La prisi\u00f3n de Milagro Sala, sostenida desde 2016 sobre expedientes judiciales, y la centralidad perseguidora que se dedica a Cristina Fern\u00e1ndez de Kirchner (la falta de investigaci\u00f3n sobre el intento de magnicidio) refuerza la obscenidad e intenta sumergir al pueblo en la desaz\u00f3n.<br \/>\nLa derecha quiere imponer sus planes de muerte, devastaci\u00f3n y saqueo que vienen siendo resistidos y cuya muralla es la compa\u00f1era Cristina. Los ejecutores de la persecuci\u00f3n y hostigamiento a la persona de la Vicepresidenta en los medios y en los tribunales ten\u00edan en agenda la proscripci\u00f3n y la c\u00e1rcel, pero tambi\u00e9n la variante criminal. No estaban dispuestos a reeditar lo que sucedi\u00f3 en abril de 2016 frente a Comodoro Py, con las elecciones presidenciales en la mira. Cristina no pod\u00eda ser nuevamente candidata.<br \/>\nEl asedio permanente sobre Cristina para condenarla y proscribirla provoc\u00f3 la reacci\u00f3n popular de solidaridad que tuvo como respuesta un dispositivo provocador y represor por parte de Larreta (fustigado por el esperpento de Bullrich) en Recoleta para frustrar la movilizaci\u00f3n popular en defensa de la l\u00edder indiscutible del movimiento nacional y popular. La movilizaci\u00f3n creci\u00f3 y finalmente derrot\u00f3 el vallado y la represi\u00f3n. El jueves 1 de septiembre en medio de una manifestaci\u00f3n de amor popular ocurri\u00f3 el intento de magnicidio. La conmoci\u00f3n provocada por ese hecho puso al desnudo la matriz neofascista del neoliberalismo y los grupos lumpen de los que se sirven.<br \/>\nFrente al intento de magnicidio se produjo una inmensa movilizaci\u00f3n popular por el ataque a su mayor referente, Cristina Fern\u00e1ndez. Fue una manifestaci\u00f3n que no se ve\u00eda desde hac\u00eda a\u00f1os, por un lado, la pandemia y las medidas de protecci\u00f3n y, por otro lado, un presidente poco afecto al dialogo con el pueblo en la calle. Fue adem\u00e1s necesaria, para condenar el atentado y demostrar a la clase dominante y los yankis, muy activos en esos d\u00edas, que el pueblo y el campo popular est\u00e1 preparado para responder y resistir su embestida de clase.<br \/>\nComo siempre, la posibilidad de reconstruir un proyecto nacional, popular, democr\u00e1tico y antimperialista en nuestro pa\u00eds requiere que construyamos la m\u00e1s amplia organizaci\u00f3n popular.<\/p>\n","protected":false},"excerpt":{"rendered":"<p>UN A\u00d1O DEL INTENTO DEL INTENTO DE MAGNICIDIO CONTRA CFK Democracia o fascismo El 1 de septiembre se cumple un a\u00f1o del intento de asesinato de Cristina y los \u00fanicos imputados son Fernando Sabag Montiel, Branda Uliarte y Nicol\u00e1s Carrizo. La jueza Capuchetti y el fiscal Carlos R\u00edvolo elevaron el expediente a la instancia oral [&hellip;]<\/p>\n","protected":false},"author":1,"featured_media":19953,"comment_status":"closed","ping_status":"closed","sticky":false,"template":"","format":"standard","meta":{"tdm_status":"","tdm_grid_status":"","footnotes":""},"categories":[17,4],"tags":[],"class_list":["post-19951","post","type-post","status-publish","format-standard","has-post-thumbnail","hentry","category-contratapa","category-featured"],"_links":{"self":[{"href":"https:\/\/pcce.com.ar\/pcce\/wp-json\/wp\/v2\/posts\/19951","targetHints":{"allow":["GET"]}}],"collection":[{"href":"https:\/\/pcce.com.ar\/pcce\/wp-json\/wp\/v2\/posts"}],"about":[{"href":"https:\/\/pcce.com.ar\/pcce\/wp-json\/wp\/v2\/types\/post"}],"author":[{"embeddable":true,"href":"https:\/\/pcce.com.ar\/pcce\/wp-json\/wp\/v2\/users\/1"}],"replies":[{"embeddable":true,"href":"https:\/\/pcce.com.ar\/pcce\/wp-json\/wp\/v2\/comments?post=19951"}],"version-history":[{"count":0,"href":"https:\/\/pcce.com.ar\/pcce\/wp-json\/wp\/v2\/posts\/19951\/revisions"}],"wp:featuredmedia":[{"embeddable":true,"href":"https:\/\/pcce.com.ar\/pcce\/wp-json\/wp\/v2\/media\/19953"}],"wp:attachment":[{"href":"https:\/\/pcce.com.ar\/pcce\/wp-json\/wp\/v2\/media?parent=19951"}],"wp:term":[{"taxonomy":"category","embeddable":true,"href":"https:\/\/pcce.com.ar\/pcce\/wp-json\/wp\/v2\/categories?post=19951"},{"taxonomy":"post_tag","embeddable":true,"href":"https:\/\/pcce.com.ar\/pcce\/wp-json\/wp\/v2\/tags?post=19951"}],"curies":[{"name":"wp","href":"https:\/\/api.w.org\/{rel}","templated":true}]}}