{"id":2016,"date":"2017-05-21T17:53:17","date_gmt":"2017-05-21T20:53:17","guid":{"rendered":"https:\/\/pcce.com.ar\/pcce\/?p=2016"},"modified":"2017-05-21T17:53:17","modified_gmt":"2017-05-21T20:53:17","slug":"9-de-mayo-en-moscu-dia-de-la-victoria","status":"publish","type":"post","link":"https:\/\/pcce.com.ar\/pcce\/2017\/05\/21\/9-de-mayo-en-moscu-dia-de-la-victoria\/","title":{"rendered":"9 DE MAYO EN MOSC\u00da: D\u00eda de la victoria"},"content":{"rendered":"<div class=\"story\">\n<p class=\"basic-paragraph\"><span class=\"mayuscula\">9 DE MAYO EN MOSC\u00da<\/span><\/p>\n<\/div>\n<div class=\"story\">\n<h1 class=\"basic-paragraph\">D\u00eda de la victoria<\/h1>\n<\/div>\n<div class=\"story\">\n<p class=\"capitular-texto-gral\">Este 9 de mayo se conmemor\u00f3, una vez m\u00e1s, el D\u00eda de la Victoria sobre el nazismo en la Segunda Guerra Mundial. El 9 de mayo de 1945 (hora de Mosc\u00fa) o el 8 de mayo (hora de Berl\u00edn), lo que quedaba del alto mando alem\u00e1n present\u00f3 su rendici\u00f3n incondicional al Mariscal Georgui Zh\u00fakov, H\u00e9roe de la Uni\u00f3n Sovi\u00e9tica. Y, como en los mejores tiempos sovi\u00e9ticos, la Plaza Roja de Mosc\u00fa se visti\u00f3 de fiesta, este 2017, para honrar la memoria del pueblo que hizo los mayores sacrificios para salvar a su Patria y a la Humanidad toda de la barbarie nazi-fascista que pretendi\u00f3 esclavizarlas.<\/p>\n<p class=\"texto-general\">Presidido por el Presidente de la Federaci\u00f3n Rusa, Vladimir Putin, el desfile militar fue imponente, con las escuadras de los diversos destacamentos de sus modernas fuerzas armadas luciendo las hist\u00f3ricas banderas vencedoras del Ej\u00e9rcito Rojo en 1945, como para demostrar al mundo entero que Rusia (junto a varias rep\u00fablicas hermanas) ha recuperado todo el potencial de la antigua URSS para ponerlo al servicio de la defensa de su pa\u00eds y de su pueblo contra cualquier amenaza a su soberan\u00eda y dignidad nacional, as\u00ed como de la causa de la Paz en el mundo.<\/p>\n<p class=\"texto-general\">\u201cNunca olvidaremos que la libertad de Europa y la paz en el planeta fueron conquistados precisamente por nuestros padres, abuelos y bisabuelos\u201d, dijo en su discurso, rindiendo homenaje a los veteranos y al pueblo. \u201cLa victoria sobre esa fuerza totalitaria quedar\u00e1 para siempre en la historia de la Humanidad como un triunfo de la vida sobre la muerte y la barbarie\u201d.<\/p>\n<p class=\"texto-general\">Tras denunciar las actitudes permisivas de ciertas potencias frente al avance del nazi-fascismo en los a\u00f1os previos a la Gran Guerra, lanz\u00f3 el compromiso de Rusia: \u201cPara una lucha efectiva contra el terrorismo, el extremismo, el neo-nazismo y otras amenazas, es necesaria la unidad de toda la comunidad internacional. Nosotros estamos abiertos a esa cooperaci\u00f3n\u201d. Pero advirtiendo que: \u201cHoy, igual que anta\u00f1o, el soldado ruso, mostrando su coraje y hero\u00edsmo, est\u00e1 listo para cualquier haza\u00f1a, para cualquier sacrificio en aras de su Patria y de su pueblo\u201d.<\/p>\n<p class=\"texto-general\">Entretanto, las im\u00e1genes de los veteranos, junto a sus nietos y bisnietos en la Plaza Roja, no pueden sino emocionarnos profundamente. Y no podemos menos que hacerles llegar, desde nuestra querida Patria del sur del mundo, nuestro m\u00e1s hondo agradecimiento: \u00a1Gloria a los vencedores del nazismo!<\/p>\n<p class=\"texto-general\">R.G.M.<\/p>\n<\/div>\n","protected":false},"excerpt":{"rendered":"<p>9 DE MAYO EN MOSC\u00da D\u00eda de la victoria Este 9 de mayo se conmemor\u00f3, una vez m\u00e1s, el D\u00eda de la Victoria sobre el nazismo en la Segunda Guerra Mundial. El 9 de mayo de 1945 (hora de Mosc\u00fa) o el 8 de mayo (hora de Berl\u00edn), lo que quedaba del alto mando alem\u00e1n [&hellip;]<\/p>\n","protected":false},"author":1,"featured_media":2011,"comment_status":"closed","ping_status":"closed","sticky":false,"template":"","format":"standard","meta":{"tdm_status":"","tdm_grid_status":"","footnotes":""},"categories":[14],"tags":[],"class_list":["post-2016","post","type-post","status-publish","format-standard","has-post-thumbnail","hentry","category-americalatinayelmundo"],"_links":{"self":[{"href":"https:\/\/pcce.com.ar\/pcce\/wp-json\/wp\/v2\/posts\/2016","targetHints":{"allow":["GET"]}}],"collection":[{"href":"https:\/\/pcce.com.ar\/pcce\/wp-json\/wp\/v2\/posts"}],"about":[{"href":"https:\/\/pcce.com.ar\/pcce\/wp-json\/wp\/v2\/types\/post"}],"author":[{"embeddable":true,"href":"https:\/\/pcce.com.ar\/pcce\/wp-json\/wp\/v2\/users\/1"}],"replies":[{"embeddable":true,"href":"https:\/\/pcce.com.ar\/pcce\/wp-json\/wp\/v2\/comments?post=2016"}],"version-history":[{"count":0,"href":"https:\/\/pcce.com.ar\/pcce\/wp-json\/wp\/v2\/posts\/2016\/revisions"}],"wp:featuredmedia":[{"embeddable":true,"href":"https:\/\/pcce.com.ar\/pcce\/wp-json\/wp\/v2\/media\/2011"}],"wp:attachment":[{"href":"https:\/\/pcce.com.ar\/pcce\/wp-json\/wp\/v2\/media?parent=2016"}],"wp:term":[{"taxonomy":"category","embeddable":true,"href":"https:\/\/pcce.com.ar\/pcce\/wp-json\/wp\/v2\/categories?post=2016"},{"taxonomy":"post_tag","embeddable":true,"href":"https:\/\/pcce.com.ar\/pcce\/wp-json\/wp\/v2\/tags?post=2016"}],"curies":[{"name":"wp","href":"https:\/\/api.w.org\/{rel}","templated":true}]}}