{"id":2022,"date":"2017-05-21T19:13:26","date_gmt":"2017-05-21T22:13:26","guid":{"rendered":"https:\/\/pcce.com.ar\/pcce\/?p=2022"},"modified":"2017-05-21T19:13:26","modified_gmt":"2017-05-21T22:13:26","slug":"rosario-el-partido-crece-en-la-calle","status":"publish","type":"post","link":"https:\/\/pcce.com.ar\/pcce\/2017\/05\/21\/rosario-el-partido-crece-en-la-calle\/","title":{"rendered":"ROSARIO: El Partido crece en la calle"},"content":{"rendered":"<div class=\"story\">\n<p class=\"basic-paragraph\"><span class=\"mayuscula\">ROSARIO<\/span><\/p>\n<\/div>\n<div class=\"story\">\n<h1 class=\"titulo-2\">El Partido crece en la calle<\/h1>\n<\/div>\n<div class=\"story\">\n<p class=\"recuadro-letra-capitular\">Con la presencia de nuestro Secretario General Pablo Pereyra, se realiz\u00f3 en el Centro Cultural \u201cQu\u00e9 te pasa\u201d de Rosario un Plenario de Organizaci\u00f3n del PCCE, donde los responsables de cada frente pol\u00edtico y social analizaron la coyuntura del pa\u00eds, el desarrollo de la militancia en el \u00e1mbito local y regional, y el rol que debemos cumplir como militantes comunistas. En cada intervenci\u00f3n reafirmamos nuestro compromiso de seguir luchando en la calle y en cada espacio, fortaleciendo al Partido y organizando a los sectores populares. Se analiz\u00f3 la actual etapa de resistencia a las pol\u00edticas neoliberales del gobierno de Mauricio Macri, la necesidad de consolidar el FpV y ampliar la unidad, con Cristina como conductora indiscutible del proyecto nacional y popular.<\/p>\n<\/div>\n","protected":false},"excerpt":{"rendered":"<p>ROSARIO El Partido crece en la calle Con la presencia de nuestro Secretario General Pablo Pereyra, se realiz\u00f3 en el Centro Cultural \u201cQu\u00e9 te pasa\u201d de Rosario un Plenario de Organizaci\u00f3n del PCCE, donde los responsables de cada frente pol\u00edtico y social analizaron la coyuntura del pa\u00eds, el desarrollo de la militancia en el \u00e1mbito [&hellip;]<\/p>\n","protected":false},"author":1,"featured_media":2001,"comment_status":"closed","ping_status":"closed","sticky":false,"template":"","format":"standard","meta":{"tdm_status":"","tdm_grid_status":"","footnotes":""},"categories":[9],"tags":[],"class_list":["post-2022","post","type-post","status-publish","format-standard","has-post-thumbnail","hentry","category-vidadepartido"],"_links":{"self":[{"href":"https:\/\/pcce.com.ar\/pcce\/wp-json\/wp\/v2\/posts\/2022","targetHints":{"allow":["GET"]}}],"collection":[{"href":"https:\/\/pcce.com.ar\/pcce\/wp-json\/wp\/v2\/posts"}],"about":[{"href":"https:\/\/pcce.com.ar\/pcce\/wp-json\/wp\/v2\/types\/post"}],"author":[{"embeddable":true,"href":"https:\/\/pcce.com.ar\/pcce\/wp-json\/wp\/v2\/users\/1"}],"replies":[{"embeddable":true,"href":"https:\/\/pcce.com.ar\/pcce\/wp-json\/wp\/v2\/comments?post=2022"}],"version-history":[{"count":0,"href":"https:\/\/pcce.com.ar\/pcce\/wp-json\/wp\/v2\/posts\/2022\/revisions"}],"wp:featuredmedia":[{"embeddable":true,"href":"https:\/\/pcce.com.ar\/pcce\/wp-json\/wp\/v2\/media\/2001"}],"wp:attachment":[{"href":"https:\/\/pcce.com.ar\/pcce\/wp-json\/wp\/v2\/media?parent=2022"}],"wp:term":[{"taxonomy":"category","embeddable":true,"href":"https:\/\/pcce.com.ar\/pcce\/wp-json\/wp\/v2\/categories?post=2022"},{"taxonomy":"post_tag","embeddable":true,"href":"https:\/\/pcce.com.ar\/pcce\/wp-json\/wp\/v2\/tags?post=2022"}],"curies":[{"name":"wp","href":"https:\/\/api.w.org\/{rel}","templated":true}]}}