{"id":2035,"date":"2017-05-21T19:31:05","date_gmt":"2017-05-21T22:31:05","guid":{"rendered":"https:\/\/pcce.com.ar\/pcce\/?p=2035"},"modified":"2017-05-21T19:31:05","modified_gmt":"2017-05-21T22:31:05","slug":"editorial-cientos-de-miles-contra-la-impunidad-una-pesada-herencia","status":"publish","type":"post","link":"https:\/\/pcce.com.ar\/pcce\/2017\/05\/21\/editorial-cientos-de-miles-contra-la-impunidad-una-pesada-herencia\/","title":{"rendered":"EDITORIAL: CIENTOS DE MILES CONTRA LA IMPUNIDAD: Una pesada herencia"},"content":{"rendered":"<div class=\"story\">\n<p class=\"titulo-2\">EDITORIAL: CIENTOS DE MILES CONTRA LA IMPUNIDAD<\/p>\n<\/div>\n<div class=\"story\">\n<h1 class=\"titulo-2\">Una pesada herencia<\/h1>\n<\/div>\n<div class=\"story\">\n<p class=\"capitular-texto-gral\">En la calle se van a definir muchas de las disputas principales que tenemos por delante, fundamentalmente aquellas vinculadas con la resistencia al neoliberalismo y la restituci\u00f3n del proyecto nacional en nuestro pa\u00eds. Durante los 12 a\u00f1os de gobierno de N\u00e9stor y Cristina, la movilizaci\u00f3n por la defensa de las conquistas alcanzadas se transform\u00f3 en un fen\u00f3meno de masas que mostr\u00f3 su espesor hasta el mismo 9 de diciembre de 2015. Gente suelta en su gran mayor\u00eda, con disposici\u00f3n de lucha aunque no organizada todav\u00eda, reflejando mayores niveles de conciencia y compromiso en funci\u00f3n de un liderazgo que no registra antecedentes en d\u00e9cadas. Ese fen\u00f3meno volvi\u00f3 a expresarse con nitidez durante los \u00faltimos d\u00edas frente a la embestida procesista de la Corte Suprema (estrenando una mayor\u00eda autom\u00e1tica) y el gobierno nacional, que cont\u00f3 con la cobertura espiritual de la Iglesia Cat\u00f3lica.<\/p>\n<p class=\"texto-general\">El freno al 2&#215;1 para los delitos de lesa humanidad estuvo en el rechazo generalizado de las grandes mayor\u00edas, hecho carne en la imponente movilizaci\u00f3n a Plaza de Mayo. S\u00f3lo ante ese escenario Macri debi\u00f3 retroceder. El fallo golpeaba hacia atr\u00e1s, pero especialmente hacia adelante: por un lado se pon\u00eda en marcha un nuevo indulto para los genocidas, pero tambi\u00e9n se buscaba dar \u201cinmunidad\u201d a las fuerzas represivas en funciones, imprescindibles para la continuidad del neoliberalismo en un contexto de agudizaci\u00f3n de la crisis econ\u00f3mica y profundizaci\u00f3n del conflicto social. Cristina incorpor\u00f3 un elemento metodol\u00f3gico esencial para la comprensi\u00f3n de estos avances y retrocesos: una correlaci\u00f3n de fuerzas a favor del pueblo (expresada en el gobierno de N\u00e9stor Kirchner) fue la que permiti\u00f3 a partir de 2003 avanzar en un proceso de Memoria, Verdad y Justicia. Invertida esa correlaci\u00f3n por muy poco, vienen por todo. Pero chocaron con la pesada herencia de la gente en las calles.<\/p>\n<p class=\"texto-general\">Esta evidente derrota de la derecha no impidi\u00f3, sin embargo, que el gobierno continuara profundizando su pol\u00edtica de hambre, miseria y dependencia. Expresi\u00f3n de esto son los registros de una ya insoportable carest\u00eda de la vida que golpea en las condiciones materiales de millones de compatriotas. La curva inflacionaria crece desbocada (con eje en los alimentos) y los salarios pierden capacidad de compra mientras se discuten actualizaciones a la baja (docentes y estatales por ejemplo). El alza de precios demanda cada vez m\u00e1s ingresos para los hogares: en el caso de la Ciudad de Buenos Aires, una familia tipo necesit\u00f3 en abril un equivalente a $1000 por d\u00eda para cubrir la canasta de alimentos y servicios. Durante 2016, la desigualdad social aument\u00f3 de manera significativa: al cuarto trimestre, el 10 por ciento m\u00e1s rico se qued\u00f3 con el 31,5 por ciento de los ingresos, mientras que el 10 m\u00e1s pobre retuvo s\u00f3lo 1,7%.<\/p>\n<p class=\"texto-general\">A este combo (m\u00e1s bien a esa bomba de tiempo) hay que incorporar la bater\u00eda de medidas recesivas, confeccionadas al gusto de los timberos de la patria financiera. S\u00f3lo en abril ingresaron 1262 millones de d\u00f3lares destinados a la bicicleta de las Lebacs: por cada d\u00f3lar que entr\u00f3 al mercado interno para invertir en actividades productivas hubo otros 5 d\u00f3lares que ingresaron para la especulaci\u00f3n financiera. D\u00edas atr\u00e1s Sturzenegger renov\u00f3 letras por 448 mil millones de pesos (emisi\u00f3n r\u00e9cord) y elev\u00f3 en un punto la tasa de inter\u00e9s, llev\u00e1ndola a 25,5 por ciento. Una ganga que lastima profundamente las perspectivas de la econom\u00eda real.<\/p>\n<p class=\"texto-general\">En simult\u00e1neo, el gobierno autorizaba la emisi\u00f3n de 20 mil millones de d\u00f3lares para sostener la fuga de capitales y cerrar el c\u00edrculo. El decreto 334\/2017 dispone que se deben \u201cincluir cl\u00e1usulas que establezcan la pr\u00f3rroga de jurisdicci\u00f3n a favor de los tribunales estaduales y federales ubicados en Nueva York y\/o Londres, y que dispongan la renuncia a oponer la defensa de inmunidad soberana\u201d. O sea, los acreedores est\u00e1n facultados a cobrar en especias (recursos naturales estrat\u00e9gicos) si se produjera una situaci\u00f3n de default. Neoliberalismo vendepatria expl\u00edcito.<\/p>\n<p class=\"texto-general\">Esta coyuntura fue descripta con precisi\u00f3n quir\u00fargica por la compa\u00f1era Cristina durante su reciente visita a Grecia y B\u00e9lgica, donde fue recibida con la consideraci\u00f3n propia de un liderazgo de car\u00e1cter global: desde Am\u00e9rica Latina al mundo. All\u00ed abord\u00f3 un concepto de fondo, que es el de pensar \u201cuna nueva arquitectura institucional\u201d, o formas de organizaci\u00f3n pol\u00edtica de la sociedad con un rol protag\u00f3nico de las grandes mayor\u00edas. Nos convoca entonces a luchar por cambios estructurales en un sentido antineoliberal. Para ello debemos organizarnos sobre la base de una conducci\u00f3n, una fuerza pol\u00edtica y un proyecto nacional. Desde all\u00ed construiremos el camino para obtener un triunfo en octubre y volver en 2019.<\/p>\n<\/div>\n","protected":false},"excerpt":{"rendered":"<p>EDITORIAL: CIENTOS DE MILES CONTRA LA IMPUNIDAD Una pesada herencia En la calle se van a definir muchas de las disputas principales que tenemos por delante, fundamentalmente aquellas vinculadas con la resistencia al neoliberalismo y la restituci\u00f3n del proyecto nacional en nuestro pa\u00eds. Durante los 12 a\u00f1os de gobierno de N\u00e9stor y Cristina, la movilizaci\u00f3n [&hellip;]<\/p>\n","protected":false},"author":1,"featured_media":2006,"comment_status":"closed","ping_status":"closed","sticky":false,"template":"","format":"standard","meta":{"tdm_status":"","tdm_grid_status":"","footnotes":""},"categories":[21],"tags":[],"class_list":["post-2035","post","type-post","status-publish","format-standard","has-post-thumbnail","hentry","category-editorial"],"_links":{"self":[{"href":"https:\/\/pcce.com.ar\/pcce\/wp-json\/wp\/v2\/posts\/2035","targetHints":{"allow":["GET"]}}],"collection":[{"href":"https:\/\/pcce.com.ar\/pcce\/wp-json\/wp\/v2\/posts"}],"about":[{"href":"https:\/\/pcce.com.ar\/pcce\/wp-json\/wp\/v2\/types\/post"}],"author":[{"embeddable":true,"href":"https:\/\/pcce.com.ar\/pcce\/wp-json\/wp\/v2\/users\/1"}],"replies":[{"embeddable":true,"href":"https:\/\/pcce.com.ar\/pcce\/wp-json\/wp\/v2\/comments?post=2035"}],"version-history":[{"count":0,"href":"https:\/\/pcce.com.ar\/pcce\/wp-json\/wp\/v2\/posts\/2035\/revisions"}],"wp:featuredmedia":[{"embeddable":true,"href":"https:\/\/pcce.com.ar\/pcce\/wp-json\/wp\/v2\/media\/2006"}],"wp:attachment":[{"href":"https:\/\/pcce.com.ar\/pcce\/wp-json\/wp\/v2\/media?parent=2035"}],"wp:term":[{"taxonomy":"category","embeddable":true,"href":"https:\/\/pcce.com.ar\/pcce\/wp-json\/wp\/v2\/categories?post=2035"},{"taxonomy":"post_tag","embeddable":true,"href":"https:\/\/pcce.com.ar\/pcce\/wp-json\/wp\/v2\/tags?post=2035"}],"curies":[{"name":"wp","href":"https:\/\/api.w.org\/{rel}","templated":true}]}}