{"id":2058,"date":"2017-06-05T02:52:41","date_gmt":"2017-06-05T05:52:41","guid":{"rendered":"https:\/\/pcce.com.ar\/pcce\/?p=2058"},"modified":"2017-06-05T02:52:41","modified_gmt":"2017-06-05T05:52:41","slug":"comuna-15-sobre-neoliberalismo-e-historia","status":"publish","type":"post","link":"https:\/\/pcce.com.ar\/pcce\/2017\/06\/05\/comuna-15-sobre-neoliberalismo-e-historia\/","title":{"rendered":"COMUNA 15: Sobre neoliberalismo e historia"},"content":{"rendered":"<div class=\"story\">\n<p class=\"basic-paragraph\"><span class=\"mayuscula\">COMUNA 15<\/span><\/p>\n<\/div>\n<div class=\"story\">\n<h1 class=\"titulo-2\">Sobre neoliberalismo e historia<\/h1>\n<\/div>\n<div class=\"story\">\n<p class=\"recuadro-letra-capitular\">El pasado 19 de mayo realizamos en el Centro Cultural El Socav\u00f3n de Parque Chas (Comuna 15) una charla con Gustavo Campana, periodista y escritor, que llev\u00f3 por t\u00edtulo \u201cLa historia de la grieta: por la segunda y definitiva independencia\u201d, y que gir\u00f3 en torno a la presentaci\u00f3n de su nuevo libro \u201cProntuario. No hay neoliberalismo sin traidores\u201d. A lo largo de casi dos horas Gustavo realiz\u00f3 un desarrollo en el que expuso, con fluidez y rigurosidad implacable, el hilo com\u00fan que existe entre la pol\u00edtica econ\u00f3mica de la dictadura militar y la del gobierno de Cambiemos, empezando por la participaci\u00f3n directa que muchos de los funcionarios del gobierno actual o sus familias tuvieron en la dictadura, como tambi\u00e9n su relaci\u00f3n con la disputa entre dos modelos pa\u00eds que atraviesa toda la historia de nuestra Patria.<\/p>\n<p class=\"recuadro-letra\">Para finalizar y luego de las preguntas de una concurrida audiencia de vecinos del barrio, el broche lo aport\u00f3 el locro preparado por los camaradas de la Comuna, indispensable para celebrar un nuevo aniversario de la Revoluci\u00f3n de Mayo.<\/p>\n<\/div>\n","protected":false},"excerpt":{"rendered":"<p>COMUNA 15 Sobre neoliberalismo e historia El pasado 19 de mayo realizamos en el Centro Cultural El Socav\u00f3n de Parque Chas (Comuna 15) una charla con Gustavo Campana, periodista y escritor, que llev\u00f3 por t\u00edtulo \u201cLa historia de la grieta: por la segunda y definitiva independencia\u201d, y que gir\u00f3 en torno a la presentaci\u00f3n de [&hellip;]<\/p>\n","protected":false},"author":1,"featured_media":2045,"comment_status":"closed","ping_status":"closed","sticky":false,"template":"","format":"standard","meta":{"tdm_status":"","tdm_grid_status":"","footnotes":""},"categories":[9],"tags":[],"class_list":["post-2058","post","type-post","status-publish","format-standard","has-post-thumbnail","hentry","category-vidadepartido"],"_links":{"self":[{"href":"https:\/\/pcce.com.ar\/pcce\/wp-json\/wp\/v2\/posts\/2058","targetHints":{"allow":["GET"]}}],"collection":[{"href":"https:\/\/pcce.com.ar\/pcce\/wp-json\/wp\/v2\/posts"}],"about":[{"href":"https:\/\/pcce.com.ar\/pcce\/wp-json\/wp\/v2\/types\/post"}],"author":[{"embeddable":true,"href":"https:\/\/pcce.com.ar\/pcce\/wp-json\/wp\/v2\/users\/1"}],"replies":[{"embeddable":true,"href":"https:\/\/pcce.com.ar\/pcce\/wp-json\/wp\/v2\/comments?post=2058"}],"version-history":[{"count":0,"href":"https:\/\/pcce.com.ar\/pcce\/wp-json\/wp\/v2\/posts\/2058\/revisions"}],"wp:featuredmedia":[{"embeddable":true,"href":"https:\/\/pcce.com.ar\/pcce\/wp-json\/wp\/v2\/media\/2045"}],"wp:attachment":[{"href":"https:\/\/pcce.com.ar\/pcce\/wp-json\/wp\/v2\/media?parent=2058"}],"wp:term":[{"taxonomy":"category","embeddable":true,"href":"https:\/\/pcce.com.ar\/pcce\/wp-json\/wp\/v2\/categories?post=2058"},{"taxonomy":"post_tag","embeddable":true,"href":"https:\/\/pcce.com.ar\/pcce\/wp-json\/wp\/v2\/tags?post=2058"}],"curies":[{"name":"wp","href":"https:\/\/api.w.org\/{rel}","templated":true}]}}