{"id":2060,"date":"2017-06-05T02:53:58","date_gmt":"2017-06-05T05:53:58","guid":{"rendered":"https:\/\/pcce.com.ar\/pcce\/?p=2060"},"modified":"2017-06-05T02:53:58","modified_gmt":"2017-06-05T05:53:58","slug":"regional-oeste-del-conurbano-planificando-crecemos","status":"publish","type":"post","link":"https:\/\/pcce.com.ar\/pcce\/2017\/06\/05\/regional-oeste-del-conurbano-planificando-crecemos\/","title":{"rendered":"REGIONAL OESTE DEL CONURBANO: Planificando crecemos"},"content":{"rendered":"<div class=\"story\">\n<p class=\"basic-paragraph\"><span class=\"mayuscula\">REGIONAL OESTE DEL CONURBANO<\/span><\/p>\n<\/div>\n<div class=\"story\">\n<h1 class=\"titulo-2\">Planificando crecemos<\/h1>\n<\/div>\n<div class=\"story\">\n<p class=\"recuadro-letra-capitular\">Compa\u00f1eros de Merlo, Ituzaing\u00f3, Mor\u00f3n y Hurlingham, nos reunimos para discutir el material \u201cEsp\u00edritu de lucha\u201d de Ra\u00fal Castro, a partir del cual realizamos un balance del trabajo del Partido en la zona y proyectamos nuevas tareas.<\/p>\n<p class=\"recuadro-letra\">Se destac\u00f3 la inserci\u00f3n que vamos logrando en Merlo, tanto en Libertad yendo casa por casa a conversar con los vecinos, como en San Antonio de Padua, donde nuestra mesa de propaganda es referenciada en la zona de la estaci\u00f3n. Se va consolidando nuestra presencia e influencia en una asamblea vecinal y de comerciantes para resistir el ajuste, donde hoy se discute conformar un Frente Popular para avanzar en una agenda de unidad junto a organizaciones que reivindican el liderazgo de Cristina.<\/p>\n<p class=\"recuadro-letra\">Nos pusimos como objetivo profundizar nuestra inserci\u00f3n en el frente sindical, partiendo de la incorporaci\u00f3n al Partido de muchos compa\u00f1eros trabajadores del \u00e1mbito de la salud, tanto p\u00fablica como privada. En ese sentido vamos dando pasos en la construcci\u00f3n de la agrupaci\u00f3n Verde y Blanca de ATE y de la Corriente Sindical de Liberaci\u00f3n, fortaleciendo adem\u00e1s el v\u00ednculo con gremios tanto de la CTA como de la CGT, principalmente nucleados en la Corriente Federal de Trabajadores.<\/p>\n<p class=\"recuadro-letra\">Por \u00faltimo, nos planteamos lograr una mayor presencia pol\u00edtica y visibilidad del Partido en los municipios de Mor\u00f3n (a partir de nuestra presencia en el Hospital Posadas) y en Ituzaing\u00f3, instalando una mesa de propaganda en la estaci\u00f3n, lo que ya ha empezado a dar sus frutos con una muy buena recepci\u00f3n de nuestros proyectos.<\/p>\n<p class=\"recuadro-letra\">Son grandes los desaf\u00edos y son importantes estos encuentros que nos permiten discutir lo realizado y lo que nos falta para seguir fortaleciendo el PCCE y aportar m\u00e1s y mejor al proyecto pol\u00edtico que conduce nuestra compa\u00f1era Cristina.<\/p>\n<\/div>\n","protected":false},"excerpt":{"rendered":"<p>REGIONAL OESTE DEL CONURBANO Planificando crecemos Compa\u00f1eros de Merlo, Ituzaing\u00f3, Mor\u00f3n y Hurlingham, nos reunimos para discutir el material \u201cEsp\u00edritu de lucha\u201d de Ra\u00fal Castro, a partir del cual realizamos un balance del trabajo del Partido en la zona y proyectamos nuevas tareas. Se destac\u00f3 la inserci\u00f3n que vamos logrando en Merlo, tanto en Libertad [&hellip;]<\/p>\n","protected":false},"author":1,"featured_media":1998,"comment_status":"closed","ping_status":"closed","sticky":false,"template":"","format":"standard","meta":{"tdm_status":"","tdm_grid_status":"","footnotes":""},"categories":[9],"tags":[],"class_list":["post-2060","post","type-post","status-publish","format-standard","has-post-thumbnail","hentry","category-vidadepartido"],"_links":{"self":[{"href":"https:\/\/pcce.com.ar\/pcce\/wp-json\/wp\/v2\/posts\/2060","targetHints":{"allow":["GET"]}}],"collection":[{"href":"https:\/\/pcce.com.ar\/pcce\/wp-json\/wp\/v2\/posts"}],"about":[{"href":"https:\/\/pcce.com.ar\/pcce\/wp-json\/wp\/v2\/types\/post"}],"author":[{"embeddable":true,"href":"https:\/\/pcce.com.ar\/pcce\/wp-json\/wp\/v2\/users\/1"}],"replies":[{"embeddable":true,"href":"https:\/\/pcce.com.ar\/pcce\/wp-json\/wp\/v2\/comments?post=2060"}],"version-history":[{"count":0,"href":"https:\/\/pcce.com.ar\/pcce\/wp-json\/wp\/v2\/posts\/2060\/revisions"}],"wp:featuredmedia":[{"embeddable":true,"href":"https:\/\/pcce.com.ar\/pcce\/wp-json\/wp\/v2\/media\/1998"}],"wp:attachment":[{"href":"https:\/\/pcce.com.ar\/pcce\/wp-json\/wp\/v2\/media?parent=2060"}],"wp:term":[{"taxonomy":"category","embeddable":true,"href":"https:\/\/pcce.com.ar\/pcce\/wp-json\/wp\/v2\/categories?post=2060"},{"taxonomy":"post_tag","embeddable":true,"href":"https:\/\/pcce.com.ar\/pcce\/wp-json\/wp\/v2\/tags?post=2060"}],"curies":[{"name":"wp","href":"https:\/\/api.w.org\/{rel}","templated":true}]}}