{"id":2064,"date":"2017-06-05T02:57:13","date_gmt":"2017-06-05T05:57:13","guid":{"rendered":"https:\/\/pcce.com.ar\/pcce\/?p=2064"},"modified":"2017-06-05T02:57:13","modified_gmt":"2017-06-05T05:57:13","slug":"caba-festival-y-locro-en-la-villa-31","status":"publish","type":"post","link":"https:\/\/pcce.com.ar\/pcce\/2017\/06\/05\/caba-festival-y-locro-en-la-villa-31\/","title":{"rendered":"CABA: Festival y locro en la Villa 31"},"content":{"rendered":"<div class=\"story\">\n<p class=\"basic-paragraph\"><span class=\"mayuscula\">CABA<\/span><\/p>\n<\/div>\n<div class=\"story\">\n<h1 class=\"titulo-2\">Festival y locro en la Villa 31<\/h1>\n<\/div>\n<div class=\"story\">\n<p class=\"capitular-texto-gral\">Para conmemorar la fecha patria, el pasado 27 de mayo realizamos un festival y locro en la Villa 31. La compa\u00f1era Natacha Peralta dio inicio a la actividad dando cuenta de la situaci\u00f3n que se vive en el barrio desde la llegada del gobierno de Macri y convocando a los vecinos a organizarse en unidad para derrotar al neoliberalismo. La misma cont\u00f3 con los talleres de b\u00e1squet y ajedrez para ni\u00f1os que llevamos adelante todos los s\u00e1bados, como tambi\u00e9n con la intervenci\u00f3n de la camarada Florencia Diasprotti, delegada de UTE y docente del colegio Carlos Mugica, quien hizo especial hincapi\u00e9 en la situaci\u00f3n educativa, la pelea por un polo educativo para la Villa 31 y por la urbanizaci\u00f3n que garantice el acceso a una vivienda digna de todos sus vecinos.<\/p>\n<p class=\"texto-general\">Para finalizar, la banda Kusiya materializ\u00f3, en la voz del compa\u00f1ero Salvador, muchos de los cl\u00e1sicos del rock nacional de protesta. El locro corri\u00f3 por cuenta de un equipo integrado por Caro Mora, madre de Salvador y el compa\u00f1ero Juan Mart\u00edn, nuestro experto fueguero en ocasiones de este tipo.<\/p>\n<p class=\"texto-general\">Con una nutrida concurrencia de vecinos del barrio, como tambi\u00e9n de compa\u00f1eros de Secundarios, Derecho y Sociales de la UBA, realizamos una jornada exitosa que constituye un paso m\u00e1s en el camino de afianzar la construcci\u00f3n del Partido en la Villa 31.<\/p>\n<\/div>\n","protected":false},"excerpt":{"rendered":"<p>CABA Festival y locro en la Villa 31 Para conmemorar la fecha patria, el pasado 27 de mayo realizamos un festival y locro en la Villa 31. La compa\u00f1era Natacha Peralta dio inicio a la actividad dando cuenta de la situaci\u00f3n que se vive en el barrio desde la llegada del gobierno de Macri y [&hellip;]<\/p>\n","protected":false},"author":1,"featured_media":2046,"comment_status":"closed","ping_status":"closed","sticky":false,"template":"","format":"standard","meta":{"tdm_status":"","tdm_grid_status":"","footnotes":""},"categories":[9],"tags":[],"class_list":["post-2064","post","type-post","status-publish","format-standard","has-post-thumbnail","hentry","category-vidadepartido"],"_links":{"self":[{"href":"https:\/\/pcce.com.ar\/pcce\/wp-json\/wp\/v2\/posts\/2064","targetHints":{"allow":["GET"]}}],"collection":[{"href":"https:\/\/pcce.com.ar\/pcce\/wp-json\/wp\/v2\/posts"}],"about":[{"href":"https:\/\/pcce.com.ar\/pcce\/wp-json\/wp\/v2\/types\/post"}],"author":[{"embeddable":true,"href":"https:\/\/pcce.com.ar\/pcce\/wp-json\/wp\/v2\/users\/1"}],"replies":[{"embeddable":true,"href":"https:\/\/pcce.com.ar\/pcce\/wp-json\/wp\/v2\/comments?post=2064"}],"version-history":[{"count":0,"href":"https:\/\/pcce.com.ar\/pcce\/wp-json\/wp\/v2\/posts\/2064\/revisions"}],"wp:featuredmedia":[{"embeddable":true,"href":"https:\/\/pcce.com.ar\/pcce\/wp-json\/wp\/v2\/media\/2046"}],"wp:attachment":[{"href":"https:\/\/pcce.com.ar\/pcce\/wp-json\/wp\/v2\/media?parent=2064"}],"wp:term":[{"taxonomy":"category","embeddable":true,"href":"https:\/\/pcce.com.ar\/pcce\/wp-json\/wp\/v2\/categories?post=2064"},{"taxonomy":"post_tag","embeddable":true,"href":"https:\/\/pcce.com.ar\/pcce\/wp-json\/wp\/v2\/tags?post=2064"}],"curies":[{"name":"wp","href":"https:\/\/api.w.org\/{rel}","templated":true}]}}