{"id":2097,"date":"2017-06-22T00:39:39","date_gmt":"2017-06-22T03:39:39","guid":{"rendered":"https:\/\/pcce.com.ar\/pcce\/?p=2097"},"modified":"2017-06-22T00:39:39","modified_gmt":"2017-06-22T03:39:39","slug":"general-villegas-haciendo-camino-al-andar","status":"publish","type":"post","link":"https:\/\/pcce.com.ar\/pcce\/2017\/06\/22\/general-villegas-haciendo-camino-al-andar\/","title":{"rendered":"GENERAL VILLEGAS: Haciendo camino al andar"},"content":{"rendered":"<div class=\"story\">\n<p class=\"basic-paragraph\"><span class=\"mayuscula\">GENERAL VILLEGAS<\/span><\/p>\n<\/div>\n<div class=\"story\">\n<h1 class=\"titulo-2\">Haciendo camino al andar<\/h1>\n<\/div>\n<div class=\"story\">\n<p class=\"recuadro-letra-capitular\">El \u00faltimo 21 de mayo, en el Taller del PCCE ubicado en el barrio La Trocha de Gral. Villegas, se difundieron a trav\u00e9s de volantes las actividades que se brindan, entre ellas clases de apoyo escolar y orientaci\u00f3n legal gratuita. Por la tarde se realiz\u00f3 junto a La C\u00e1mpora y otras organizaciones del FpV, una jornada para ni\u00f1os llamada \u201cConociendo tus derechos\u201d, donde participaron m\u00e1s de 70 personas entre ni\u00f1os y adultos. Fue una rica experiencia que aport\u00f3 al proceso de consolidaci\u00f3n del Partido en la localidad y al fortalecimiento de los v\u00ednculos frentistas de quienes militamos para resistir al neoliberalismo y construir la fuerza pol\u00edtica que nos permita volver mejores bajo la conducci\u00f3n de Cristina.<\/p>\n<\/div>\n","protected":false},"excerpt":{"rendered":"<p>GENERAL VILLEGAS Haciendo camino al andar El \u00faltimo 21 de mayo, en el Taller del PCCE ubicado en el barrio La Trocha de Gral. Villegas, se difundieron a trav\u00e9s de volantes las actividades que se brindan, entre ellas clases de apoyo escolar y orientaci\u00f3n legal gratuita. Por la tarde se realiz\u00f3 junto a La C\u00e1mpora [&hellip;]<\/p>\n","protected":false},"author":1,"featured_media":2075,"comment_status":"closed","ping_status":"closed","sticky":false,"template":"","format":"standard","meta":{"tdm_status":"","tdm_grid_status":"","footnotes":""},"categories":[9],"tags":[],"class_list":["post-2097","post","type-post","status-publish","format-standard","has-post-thumbnail","hentry","category-vidadepartido"],"_links":{"self":[{"href":"https:\/\/pcce.com.ar\/pcce\/wp-json\/wp\/v2\/posts\/2097","targetHints":{"allow":["GET"]}}],"collection":[{"href":"https:\/\/pcce.com.ar\/pcce\/wp-json\/wp\/v2\/posts"}],"about":[{"href":"https:\/\/pcce.com.ar\/pcce\/wp-json\/wp\/v2\/types\/post"}],"author":[{"embeddable":true,"href":"https:\/\/pcce.com.ar\/pcce\/wp-json\/wp\/v2\/users\/1"}],"replies":[{"embeddable":true,"href":"https:\/\/pcce.com.ar\/pcce\/wp-json\/wp\/v2\/comments?post=2097"}],"version-history":[{"count":0,"href":"https:\/\/pcce.com.ar\/pcce\/wp-json\/wp\/v2\/posts\/2097\/revisions"}],"wp:featuredmedia":[{"embeddable":true,"href":"https:\/\/pcce.com.ar\/pcce\/wp-json\/wp\/v2\/media\/2075"}],"wp:attachment":[{"href":"https:\/\/pcce.com.ar\/pcce\/wp-json\/wp\/v2\/media?parent=2097"}],"wp:term":[{"taxonomy":"category","embeddable":true,"href":"https:\/\/pcce.com.ar\/pcce\/wp-json\/wp\/v2\/categories?post=2097"},{"taxonomy":"post_tag","embeddable":true,"href":"https:\/\/pcce.com.ar\/pcce\/wp-json\/wp\/v2\/tags?post=2097"}],"curies":[{"name":"wp","href":"https:\/\/api.w.org\/{rel}","templated":true}]}}