{"id":2103,"date":"2017-06-22T00:51:12","date_gmt":"2017-06-22T03:51:12","guid":{"rendered":"https:\/\/pcce.com.ar\/pcce\/?p=2103"},"modified":"2017-06-22T00:51:12","modified_gmt":"2017-06-22T03:51:12","slug":"ciudad-autonoma-de-buenos-aires-crece-el-partido-al-calor-de-la-campana","status":"publish","type":"post","link":"https:\/\/pcce.com.ar\/pcce\/2017\/06\/22\/ciudad-autonoma-de-buenos-aires-crece-el-partido-al-calor-de-la-campana\/","title":{"rendered":"CIUDAD AUT\u00d3NOMA DE BUENOS AIRES: Crece el Partido al calor de la campa\u00f1a"},"content":{"rendered":"<div class=\"story\">\n<p class=\"basic-paragraph\"><span class=\"mayuscula\">CIUDAD AUT\u00d3NOMA DE BUENOS AIRES<\/span><\/p>\n<\/div>\n<div class=\"story\">\n<h1 class=\"basic-paragraph\">Crece el Partido al calor de la campa\u00f1a<\/h1>\n<\/div>\n<div class=\"story\">\n<p class=\"capitular-texto-gral\">El pasado fin de semana realizamos actividades militantes en diferentes comunas de la Capital al calor de la campa\u00f1a. En primer lugar, realizamos una nueva edici\u00f3n de la Feria Mil Flores, esta vez en los barrios de Paternal, Villa Pueyrred\u00f3n y por primera vez en Flores.<\/p>\n<p class=\"texto-general\">En Paternal, la Feria (que ya es un cl\u00e1sico para los vecinos de la Plaza Pappo) cont\u00f3 con un puesto de los trabajadores de la f\u00e1brica Jocri, en lucha desde hace unos meses por sostener sus puestos de trabajo contra el cierre intempestivo de la patronal. En Villa Pueyrred\u00f3n estuvo acompa\u00f1ada de la presentaci\u00f3n del libro Cr\u00f3nicas Tumberas de Carolina Ianuzzi, en el marco de una nueva secci\u00f3n de la feria que los compa\u00f1eros de la comuna denominaron \u201cEl Charlat\u00e1n de Feria\u201d, orientada a generar espacios de debate con la participaci\u00f3n de diferentes personalidades. En Flores, la Feria fue el corolario de una jornada militante art\u00edstica y cultural, que cont\u00f3 con clases de folklore, bandas en vivo, percusi\u00f3n y un festival de rap del que participaron distintos artistas, entre ellos el compa\u00f1ero Dani Devita que, con mucha agudeza, denuncia en sus rimas las consecuencias del neoliberalismo.<\/p>\n<p class=\"texto-general\">En la Comuna 1 estuvimos presentes en el festival que los compa\u00f1eros del CESAC 15 (Centro de Salud Comunitaria) realizaron para exigirle al macrismo su ampliaci\u00f3n y la construcci\u00f3n de un jard\u00edn en el ex Padelai.<\/p>\n<p class=\"texto-general\">Por otra parte, en todas las comunas en las que construimos, formamos parte de la campa\u00f1a de juntada de avales impulsada por el Frente para la Victoria porte\u00f1o para el armado de la lista de Cristina en la Ciudad.<\/p>\n<\/div>\n","protected":false},"excerpt":{"rendered":"<p>CIUDAD AUT\u00d3NOMA DE BUENOS AIRES Crece el Partido al calor de la campa\u00f1a El pasado fin de semana realizamos actividades militantes en diferentes comunas de la Capital al calor de la campa\u00f1a. En primer lugar, realizamos una nueva edici\u00f3n de la Feria Mil Flores, esta vez en los barrios de Paternal, Villa Pueyrred\u00f3n y por [&hellip;]<\/p>\n","protected":false},"author":1,"featured_media":2077,"comment_status":"closed","ping_status":"closed","sticky":false,"template":"","format":"standard","meta":{"tdm_status":"","tdm_grid_status":"","footnotes":""},"categories":[4,9],"tags":[],"class_list":["post-2103","post","type-post","status-publish","format-standard","has-post-thumbnail","hentry","category-featured","category-vidadepartido"],"_links":{"self":[{"href":"https:\/\/pcce.com.ar\/pcce\/wp-json\/wp\/v2\/posts\/2103","targetHints":{"allow":["GET"]}}],"collection":[{"href":"https:\/\/pcce.com.ar\/pcce\/wp-json\/wp\/v2\/posts"}],"about":[{"href":"https:\/\/pcce.com.ar\/pcce\/wp-json\/wp\/v2\/types\/post"}],"author":[{"embeddable":true,"href":"https:\/\/pcce.com.ar\/pcce\/wp-json\/wp\/v2\/users\/1"}],"replies":[{"embeddable":true,"href":"https:\/\/pcce.com.ar\/pcce\/wp-json\/wp\/v2\/comments?post=2103"}],"version-history":[{"count":0,"href":"https:\/\/pcce.com.ar\/pcce\/wp-json\/wp\/v2\/posts\/2103\/revisions"}],"wp:featuredmedia":[{"embeddable":true,"href":"https:\/\/pcce.com.ar\/pcce\/wp-json\/wp\/v2\/media\/2077"}],"wp:attachment":[{"href":"https:\/\/pcce.com.ar\/pcce\/wp-json\/wp\/v2\/media?parent=2103"}],"wp:term":[{"taxonomy":"category","embeddable":true,"href":"https:\/\/pcce.com.ar\/pcce\/wp-json\/wp\/v2\/categories?post=2103"},{"taxonomy":"post_tag","embeddable":true,"href":"https:\/\/pcce.com.ar\/pcce\/wp-json\/wp\/v2\/tags?post=2103"}],"curies":[{"name":"wp","href":"https:\/\/api.w.org\/{rel}","templated":true}]}}