{"id":2172,"date":"2017-07-21T14:26:20","date_gmt":"2017-07-21T17:26:20","guid":{"rendered":"https:\/\/pcce.com.ar\/pcce\/?p=2172"},"modified":"2017-07-21T14:26:20","modified_gmt":"2017-07-21T17:26:20","slug":"ines-ollero-el-ave-mas-bella","status":"publish","type":"post","link":"https:\/\/pcce.com.ar\/pcce\/2017\/07\/21\/ines-ollero-el-ave-mas-bella\/","title":{"rendered":"IN\u00c9S OLLERO,  el ave m\u00e1s bella."},"content":{"rendered":"<div class=\"story\">\n<h1><strong>IN\u00c9S OLLERO<\/strong><\/h1>\n<\/div>\n<div class=\"story\">\n<h3 class=\"tit-pastillas\">El ave m\u00e1s bella<\/h3>\n<\/div>\n<div class=\"story\">\n<p class=\"capitular-texto-gral\">\u00a0El 19 de julio de 1977, hace 40 a\u00f1os, cuando volv\u00eda a su casa de una reuni\u00f3n partidaria, en el interno 13 del colectivo 187, fue secuestrada la inolvidable compa\u00f1era In\u00e9s Ollero.<\/p>\n<p class=\"texto-general\">\u00a0In\u00e9s era estudiante de tercer a\u00f1o de Biolog\u00eda en la Facultad de Ciencias Exactas y Naturales de la UBA, ten\u00eda 21 a\u00f1os y militaba en la Federaci\u00f3n Juvenil Comunista del barrio porte\u00f1o de Almagro. Hab\u00eda subido en la parada de la estaci\u00f3n Lacroze. Despu\u00e9s se sabr\u00eda que fue detenida por un \u201cgrupo de tareas\u201d de la Marina por portar \u201cmaterial extremista\u201d (la prensa del Partido Comunista, dir\u00eda su padre), que estuvo detenida en la Comisar\u00eda 49 y luego vista con vida por \u00faltima vez en la Escuela de Mec\u00e1nica de la Armada (ESMA), y permanece desaparecida.<\/p>\n<p class=\"texto-general\">\u00a0Su padre, C\u00e9sar Ollero, la busc\u00f3 sin descanso. Obtuvo testimonio del colectivero y de un par de pasajeros, testigos y protagonistas de aquel viaje nefasto. Se sabe por boca del propio C\u00e9sar Ollero que Eugenio Zaffaroni, que entonces era juez penal de primera instancia, ayud\u00f3 bastante en la investigaci\u00f3n. Tambi\u00e9n Le\u00f3n Arslani\u00e1n que actu\u00f3 como juez subrogante. El abogado Jaime Nuguer llev\u00f3 el caso hasta sus \u00faltimas consecuencias, desde el Habeas Corpus inicial hasta la condena de los genocidas Videla, Massera y el vicealmirante Chamorro, jefe de la ESMA.<\/p>\n<p class=\"texto-general\">\u00a0El escritor y poeta Jos\u00e9 Murillo le dedicar\u00eda un poema memorable: \u201cY por esta certeza inapelable \/ toda esta lluvia que me moja el alma \/ me ha dejado en la mano una paloma \/ y en los ojos, sonri\u00e9ndose un lucero\u201d.<\/p>\n<p class=\"texto-general\">\u00a0Dir\u00eda Murillo tambi\u00e9n, relacionando amadamente a In\u00e9s Ollero con Ana Teresa Diego, tambi\u00e9n militante de la Fede desaparecida en La Plata unos meses antes: \u201cHay una estrella a la que los estudiantes de la Universidad de La Plata le pusieron el nombre de Ana Diego. Deber\u00eda haber un ave, la m\u00e1s bella de nuestra patria, que lleve el nombre de In\u00e9s Ollero\u201d.<\/p>\n<p class=\"texto-general\">\u00a0Este humilde servidor, un militante m\u00e1s de la querida Fede, que no est\u00e1 ni ah\u00ed de Jos\u00e9 Murillo, ni mucho menos del mism\u00edsimo Joan Manuel Serrat, se puso a buscar como bi\u00f3logo, ec\u00f3logo y ornit\u00f3logo.<\/p>\n<p class=\"texto-general\">\u00a0Y le cost\u00f3 encontrar \u201cel ave m\u00e1s bella de nuestra patria\u201d que propon\u00eda Murillo. Hasta que al fin decidi\u00f3 que era la Calandria (a la que en Cuba le dicen Sinsonte): una de las m\u00e1s comunes y populares de nuestras aves, y la del mejor y m\u00e1s multifac\u00e9tico canto hacia el futuro.<\/p>\n<p class=\"texto-general\">\u00a0\u00a1Hasta la victoria siempre camarada In\u00e9s!<\/p>\n<p class=\"texto-general\">\u00a0R.G.M.<\/p>\n<\/div>\n","protected":false},"excerpt":{"rendered":"<p>IN\u00c9S OLLERO El ave m\u00e1s bella \u00a0El 19 de julio de 1977, hace 40 a\u00f1os, cuando volv\u00eda a su casa de una reuni\u00f3n partidaria, en el interno 13 del colectivo 187, fue secuestrada la inolvidable compa\u00f1era In\u00e9s Ollero. \u00a0In\u00e9s era estudiante de tercer a\u00f1o de Biolog\u00eda en la Facultad de Ciencias Exactas y Naturales de [&hellip;]<\/p>\n","protected":false},"author":1,"featured_media":2167,"comment_status":"closed","ping_status":"closed","sticky":false,"template":"","format":"standard","meta":{"tdm_status":"","tdm_grid_status":"","footnotes":""},"categories":[17],"tags":[],"class_list":["post-2172","post","type-post","status-publish","format-standard","has-post-thumbnail","hentry","category-contratapa"],"_links":{"self":[{"href":"https:\/\/pcce.com.ar\/pcce\/wp-json\/wp\/v2\/posts\/2172","targetHints":{"allow":["GET"]}}],"collection":[{"href":"https:\/\/pcce.com.ar\/pcce\/wp-json\/wp\/v2\/posts"}],"about":[{"href":"https:\/\/pcce.com.ar\/pcce\/wp-json\/wp\/v2\/types\/post"}],"author":[{"embeddable":true,"href":"https:\/\/pcce.com.ar\/pcce\/wp-json\/wp\/v2\/users\/1"}],"replies":[{"embeddable":true,"href":"https:\/\/pcce.com.ar\/pcce\/wp-json\/wp\/v2\/comments?post=2172"}],"version-history":[{"count":0,"href":"https:\/\/pcce.com.ar\/pcce\/wp-json\/wp\/v2\/posts\/2172\/revisions"}],"wp:featuredmedia":[{"embeddable":true,"href":"https:\/\/pcce.com.ar\/pcce\/wp-json\/wp\/v2\/media\/2167"}],"wp:attachment":[{"href":"https:\/\/pcce.com.ar\/pcce\/wp-json\/wp\/v2\/media?parent=2172"}],"wp:term":[{"taxonomy":"category","embeddable":true,"href":"https:\/\/pcce.com.ar\/pcce\/wp-json\/wp\/v2\/categories?post=2172"},{"taxonomy":"post_tag","embeddable":true,"href":"https:\/\/pcce.com.ar\/pcce\/wp-json\/wp\/v2\/tags?post=2172"}],"curies":[{"name":"wp","href":"https:\/\/api.w.org\/{rel}","templated":true}]}}