{"id":2211,"date":"2017-07-30T17:51:04","date_gmt":"2017-07-30T20:51:04","guid":{"rendered":"https:\/\/pcce.com.ar\/pcce\/?p=2211"},"modified":"2017-07-30T17:51:04","modified_gmt":"2017-07-30T20:51:04","slug":"brasil-el-golpe-continuado","status":"publish","type":"post","link":"https:\/\/pcce.com.ar\/pcce\/2017\/07\/30\/brasil-el-golpe-continuado\/","title":{"rendered":"BRASIL: El golpe continuado."},"content":{"rendered":"<div class=\"story\">\n<h1 class=\"basic-paragraph\"><span class=\"mayuscula\">BRASIL:\u00a0<\/span>El golpe continuado.<\/h1>\n<h4 class=\"basic-paragraph\">Por Rodolfo G. M\u00f3dena<\/h4>\n<\/div>\n<div class=\"story\">\n<p class=\"capitular-texto-gral\">El pasado 12 de julio tuvimos la noticia de que el dos veces presidente de Brasil y l\u00edder del Partido de los Trabajadores, compa\u00f1ero Luiz In\u00e1cio Lula Da Silva, era escandalosamente condenado en primera instancia a nueve a\u00f1os y medio de prisi\u00f3n y diecinueve a\u00f1os de inhabilitaci\u00f3n pol\u00edtica.<\/p>\n<p class=\"basic-paragraph\">La sentencia fue apelada el 18 de julio y la apelaci\u00f3n denegada por el Juez Federal S\u00e9rgio Moro, el mismo que dict\u00f3 la sentencia. \u201cQuiero probar que Moro err\u00f3, que mienten demasiado\u2026se comporta como un zar, que hace lo que quiere, cuando quiere y sin respeto al derecho democr\u00e1tico o la Constituci\u00f3n\u201d, declar\u00f3 Lula.<\/p>\n<p class=\"basic-paragraph\">Ahora habr\u00e1 que esperar la apelaci\u00f3n ante el Tribunal Federal Regional de Porto Alegre, el que tratar\u00e1 el asunto en segunda instancia y puede demorar meses en resolver, manteniendo en un limbo la salida democr\u00e1tica de la crisis institucional de Brasil, mientras se avanza en el desguace neoliberal del pa\u00eds.<\/p>\n<p class=\"basic-paragraph\">Como se puede ver, a poco menos de un a\u00f1o del golpe de Estado dado v\u00eda Impeachment contra la presidenta Dilma Rousseff (31\/08\/2016) la escalada golpista sigue su curso de la mano de este impresentable juez Moro (tan impresentable como \u201cnuestro\u201d inefable Claudio Bonad\u00edo), que dict\u00f3 la sentencia condenatoria de Lula sin m\u00e1s prueba que los testimonios de verdaderos delincuentes al servicio de la infamia.<\/p>\n<p class=\"basic-paragraph\">Entretanto, el 11 de julio, el Senado de Brasil aprob\u00f3 la oprobiosa ley de reforma laboral impulsada por el gobierno ileg\u00edtimo de Michel Temer, cercenando innumerables derechos de la clase trabajadora brasile\u00f1a.<\/p>\n<p class=\"basic-paragraph\">Y como todo tiene que ver con todo, el salvaje ajuste neoliberal avanza tambi\u00e9n en Argentina. En su editorial del viernes 21 de julio, el diario La Naci\u00f3n no deja lugar a dudas: \u201cLos audaces cambios en la legislaci\u00f3n de Brasil, que aumentan la libertad de contrataci\u00f3n, exhiben inquietud por la competitividad y por atraer capitales. El hecho de que el Parlamento brasile\u00f1o haya aprobado recientemente una revolucionaria reforma de la legislaci\u00f3n del trabajo no puede ni debe pasar inadvertido para la dirigencia argentina\u201d.<\/p>\n<p class=\"basic-paragraph\">La persecuci\u00f3n pol\u00edtica, medi\u00e1tica y judicial sufrida por Lula como por Cristina, es el correlato de la ofensiva neoliberal de la oligarqu\u00eda y el imperialismo, para tratar de evitar que vuelvan a conducir los destinos de Brasil y Argentina, as\u00ed como retomar el curso del proceso de integraci\u00f3n latinoamericana bastardeado por Michel Temer y Mauricio Macri, que no cesan de atacar sistem\u00e1ticamente a Venezuela por orden del imperialismo yanqui.<\/p>\n<p class=\"basic-paragraph\">Los pueblos movilizados, en la calle y en las urnas, son los que tendr\u00e1n la \u00faltima palabra.<\/p>\n<p class=\"basic-paragraph\">Por lo pronto, cientos de miles de brasile\u00f1os convocados por el Frente Brasil Popular marcharon el 20 de julio en Brasilia, R\u00edo de Janeiro, Sao Paulo, Belo Horizonte (Minas Gerais), Fortaleza (Cear\u00e1), Sao Luis (Maranhao), Teresina (Piau\u00ed), Cuaib\u00e1 (Mato Grosso), Rond\u00f4nia (Porto Velho), Curitiba (Paran\u00e1), Porto Alegre (Rio Grande do Sul) y Manaus (Amazonas) en respaldo a Lula y en repudio a la reforma laboral esclavista del golpista Temer.<\/p>\n<p class=\"basic-paragraph\">Mientras, aqu\u00ed tambi\u00e9n se lucha para frenar al neoliberalismo y nos preparamos para vencer en la batalla electoral del 13 de agosto, con Cristina y la Unidad Ciudadana.<\/p>\n<\/div>\n<div class=\"story\">\n<p class=\"basic-paragraph\">Lula durante el multitudinario acto realizado el pasado 20 de julio en la Av. Paulista (SP).<\/p>\n<\/div>\n","protected":false},"excerpt":{"rendered":"<p>BRASIL:\u00a0El golpe continuado. Por Rodolfo G. M\u00f3dena El pasado 12 de julio tuvimos la noticia de que el dos veces presidente de Brasil y l\u00edder del Partido de los Trabajadores, compa\u00f1ero Luiz In\u00e1cio Lula Da Silva, era escandalosamente condenado en primera instancia a nueve a\u00f1os y medio de prisi\u00f3n y diecinueve a\u00f1os de inhabilitaci\u00f3n pol\u00edtica. [&hellip;]<\/p>\n","protected":false},"author":1,"featured_media":2197,"comment_status":"closed","ping_status":"closed","sticky":false,"template":"","format":"standard","meta":{"tdm_status":"","tdm_grid_status":"","footnotes":""},"categories":[17],"tags":[],"class_list":["post-2211","post","type-post","status-publish","format-standard","has-post-thumbnail","hentry","category-contratapa"],"_links":{"self":[{"href":"https:\/\/pcce.com.ar\/pcce\/wp-json\/wp\/v2\/posts\/2211","targetHints":{"allow":["GET"]}}],"collection":[{"href":"https:\/\/pcce.com.ar\/pcce\/wp-json\/wp\/v2\/posts"}],"about":[{"href":"https:\/\/pcce.com.ar\/pcce\/wp-json\/wp\/v2\/types\/post"}],"author":[{"embeddable":true,"href":"https:\/\/pcce.com.ar\/pcce\/wp-json\/wp\/v2\/users\/1"}],"replies":[{"embeddable":true,"href":"https:\/\/pcce.com.ar\/pcce\/wp-json\/wp\/v2\/comments?post=2211"}],"version-history":[{"count":0,"href":"https:\/\/pcce.com.ar\/pcce\/wp-json\/wp\/v2\/posts\/2211\/revisions"}],"wp:featuredmedia":[{"embeddable":true,"href":"https:\/\/pcce.com.ar\/pcce\/wp-json\/wp\/v2\/media\/2197"}],"wp:attachment":[{"href":"https:\/\/pcce.com.ar\/pcce\/wp-json\/wp\/v2\/media?parent=2211"}],"wp:term":[{"taxonomy":"category","embeddable":true,"href":"https:\/\/pcce.com.ar\/pcce\/wp-json\/wp\/v2\/categories?post=2211"},{"taxonomy":"post_tag","embeddable":true,"href":"https:\/\/pcce.com.ar\/pcce\/wp-json\/wp\/v2\/tags?post=2211"}],"curies":[{"name":"wp","href":"https:\/\/api.w.org\/{rel}","templated":true}]}}