{"id":2260,"date":"2017-08-20T22:41:07","date_gmt":"2017-08-21T01:41:07","guid":{"rendered":"https:\/\/pcce.com.ar\/pcce\/?p=2260"},"modified":"2017-08-20T22:41:07","modified_gmt":"2017-08-21T01:41:07","slug":"entre-rios-perspectiva-y-desafios","status":"publish","type":"post","link":"https:\/\/pcce.com.ar\/pcce\/2017\/08\/20\/entre-rios-perspectiva-y-desafios\/","title":{"rendered":"ENTRE R\u00cdOS:  Perspectiva y desaf\u00edos"},"content":{"rendered":"<div class=\"story\">\n<h4 class=\"basic-paragraph\"><span class=\"mayuscula\">ENTRE R\u00cdOS<\/span><\/h4>\n<h1 class=\"basic-paragraph\">Perspectiva y desaf\u00edos<\/h1>\n<\/div>\n<div class=\"story\">\n<p class=\"capitular-texto-gral\">En la provincia de Entre R\u00edos, el frente electoral PRO-UCR \u201cCambiemos\u201d se impuso por m\u00e1s de 5 puntos sobre el Frente Justicialista Somos Entre R\u00edos, la lista del gobernador Bordet (que a su vez se impuso sobre las dem\u00e1s de la interna) destacando el segundo lugar del actual diputado nacional Jorge Barreto con un 15%. El voto del kirchnerismo se expres\u00f3 en las diferentes listas, teniendo presente que la madre de las batallas se estaba dando en la provincia de Buenos Aires, y que nuestra tarea es evitar que Cambiemos se imponga en Entre R\u00edos en el mes de octubre y de esta forma ayudar a Cristina a ponerle un freno a Macri. Es por esto que concluida las PASO, el Partido se pone al frente en la tarea de contactar y organizar a los sectores agredidos por el neoliberalismo en la provincia, que en los \u00faltimos meses se reflej\u00f3 en m\u00e1s de 400 despidos, suspensiones, retiros voluntarios y cierre de frigor\u00edficos, aceiteras, estaciones de servicio y locales comerciales; pulverizaci\u00f3n de las econom\u00edas regionales con la importaci\u00f3n de alimentos, pago con ticket de alimentos en supermercados a los trabajadores y muchas situaciones m\u00e1s, que ponen en relieve las consecuencias del macrismo en Entre R\u00edos. Las definiciones de los candidatos sobre estos temas es primordial en el esclarecimiento necesario de cara a octubre, confrontan dos modelos de pa\u00eds, y no hay tiempo de oportunismos y tibiezas.<\/p>\n<\/div>\n","protected":false},"excerpt":{"rendered":"<p>ENTRE R\u00cdOS Perspectiva y desaf\u00edos En la provincia de Entre R\u00edos, el frente electoral PRO-UCR \u201cCambiemos\u201d se impuso por m\u00e1s de 5 puntos sobre el Frente Justicialista Somos Entre R\u00edos, la lista del gobernador Bordet (que a su vez se impuso sobre las dem\u00e1s de la interna) destacando el segundo lugar del actual diputado nacional [&hellip;]<\/p>\n","protected":false},"author":1,"featured_media":0,"comment_status":"closed","ping_status":"closed","sticky":false,"template":"","format":"standard","meta":{"tdm_status":"","tdm_grid_status":"","footnotes":""},"categories":[9],"tags":[],"class_list":["post-2260","post","type-post","status-publish","format-standard","hentry","category-vidadepartido"],"_links":{"self":[{"href":"https:\/\/pcce.com.ar\/pcce\/wp-json\/wp\/v2\/posts\/2260","targetHints":{"allow":["GET"]}}],"collection":[{"href":"https:\/\/pcce.com.ar\/pcce\/wp-json\/wp\/v2\/posts"}],"about":[{"href":"https:\/\/pcce.com.ar\/pcce\/wp-json\/wp\/v2\/types\/post"}],"author":[{"embeddable":true,"href":"https:\/\/pcce.com.ar\/pcce\/wp-json\/wp\/v2\/users\/1"}],"replies":[{"embeddable":true,"href":"https:\/\/pcce.com.ar\/pcce\/wp-json\/wp\/v2\/comments?post=2260"}],"version-history":[{"count":0,"href":"https:\/\/pcce.com.ar\/pcce\/wp-json\/wp\/v2\/posts\/2260\/revisions"}],"wp:attachment":[{"href":"https:\/\/pcce.com.ar\/pcce\/wp-json\/wp\/v2\/media?parent=2260"}],"wp:term":[{"taxonomy":"category","embeddable":true,"href":"https:\/\/pcce.com.ar\/pcce\/wp-json\/wp\/v2\/categories?post=2260"},{"taxonomy":"post_tag","embeddable":true,"href":"https:\/\/pcce.com.ar\/pcce\/wp-json\/wp\/v2\/tags?post=2260"}],"curies":[{"name":"wp","href":"https:\/\/api.w.org\/{rel}","templated":true}]}}