{"id":2262,"date":"2017-08-20T22:42:22","date_gmt":"2017-08-21T01:42:22","guid":{"rendered":"https:\/\/pcce.com.ar\/pcce\/?p=2262"},"modified":"2017-08-20T22:42:22","modified_gmt":"2017-08-21T01:42:22","slug":"capital-federal-unidad-ciudadana-es-la-unica-oposicion","status":"publish","type":"post","link":"https:\/\/pcce.com.ar\/pcce\/2017\/08\/20\/capital-federal-unidad-ciudadana-es-la-unica-oposicion\/","title":{"rendered":"CAPITAL FEDERAL:  Unidad Ciudadana es la \u00fanica oposici\u00f3n"},"content":{"rendered":"<div class=\"story\">\n<h4 class=\"basic-paragraph\"><span class=\"mayuscula\">CAPITAL FEDERAL<\/span><\/h4>\n<\/div>\n<div class=\"story\">\n<h1 class=\"titulo-2\">Unidad Ciudadana es la \u00fanica oposici\u00f3n<\/h1>\n<\/div>\n<div class=\"story\">\n<p class=\"recuadro-letra-capitular\">Las elecciones en el distrito m\u00e1s rico del pa\u00eds arrojaron resultados para el an\u00e1lisis. Quiz\u00e1s uno de los datos m\u00e1s relevantes sea que Unidad Ciudadana logr\u00f3 desplazar al \u201copoficialista\u201d Mart\u00edn Lousteau del segundo puesto, consolid\u00e1ndose como principal fuerza de oposici\u00f3n real al neoliberalismo en la Ciudad.<\/p>\n<p class=\"recuadro-letra\">El resultado es la expresi\u00f3n de una campa\u00f1a orientada a dar voz y representar a todos los que sufren las consecuencias del ajuste: los trabajadores despedidos, las pymes quebradas, los jubilados sin remedios y la lista sigue y sigue.<\/p>\n<p class=\"recuadro-letra\">Los comunistas aportamos en la lista, representados por nuestro compa\u00f1ero Braulio Silva, como tambi\u00e9n y fundamentalmente en la calle. Llamamos a redoblar el esfuerzo militante para consolidar y profundizar este resultado en octubre y poner en pie la fuerza necesaria para frenar el ajuste en la Ciudad.<\/p>\n<\/div>\n","protected":false},"excerpt":{"rendered":"<p>CAPITAL FEDERAL Unidad Ciudadana es la \u00fanica oposici\u00f3n Las elecciones en el distrito m\u00e1s rico del pa\u00eds arrojaron resultados para el an\u00e1lisis. Quiz\u00e1s uno de los datos m\u00e1s relevantes sea que Unidad Ciudadana logr\u00f3 desplazar al \u201copoficialista\u201d Mart\u00edn Lousteau del segundo puesto, consolid\u00e1ndose como principal fuerza de oposici\u00f3n real al neoliberalismo en la Ciudad. El [&hellip;]<\/p>\n","protected":false},"author":1,"featured_media":0,"comment_status":"closed","ping_status":"closed","sticky":false,"template":"","format":"standard","meta":{"tdm_status":"","tdm_grid_status":"","footnotes":""},"categories":[9],"tags":[],"class_list":["post-2262","post","type-post","status-publish","format-standard","hentry","category-vidadepartido"],"_links":{"self":[{"href":"https:\/\/pcce.com.ar\/pcce\/wp-json\/wp\/v2\/posts\/2262","targetHints":{"allow":["GET"]}}],"collection":[{"href":"https:\/\/pcce.com.ar\/pcce\/wp-json\/wp\/v2\/posts"}],"about":[{"href":"https:\/\/pcce.com.ar\/pcce\/wp-json\/wp\/v2\/types\/post"}],"author":[{"embeddable":true,"href":"https:\/\/pcce.com.ar\/pcce\/wp-json\/wp\/v2\/users\/1"}],"replies":[{"embeddable":true,"href":"https:\/\/pcce.com.ar\/pcce\/wp-json\/wp\/v2\/comments?post=2262"}],"version-history":[{"count":0,"href":"https:\/\/pcce.com.ar\/pcce\/wp-json\/wp\/v2\/posts\/2262\/revisions"}],"wp:attachment":[{"href":"https:\/\/pcce.com.ar\/pcce\/wp-json\/wp\/v2\/media?parent=2262"}],"wp:term":[{"taxonomy":"category","embeddable":true,"href":"https:\/\/pcce.com.ar\/pcce\/wp-json\/wp\/v2\/categories?post=2262"},{"taxonomy":"post_tag","embeddable":true,"href":"https:\/\/pcce.com.ar\/pcce\/wp-json\/wp\/v2\/tags?post=2262"}],"curies":[{"name":"wp","href":"https:\/\/api.w.org\/{rel}","templated":true}]}}