{"id":2266,"date":"2017-08-20T22:46:28","date_gmt":"2017-08-21T01:46:28","guid":{"rendered":"https:\/\/pcce.com.ar\/pcce\/?p=2266"},"modified":"2017-08-20T22:46:28","modified_gmt":"2017-08-21T01:46:28","slug":"provincia-de-santa-fe-gran-triunfo-del-chivo-rossi","status":"publish","type":"post","link":"https:\/\/pcce.com.ar\/pcce\/2017\/08\/20\/provincia-de-santa-fe-gran-triunfo-del-chivo-rossi\/","title":{"rendered":"PROVINCIA DE SANTA FE:  Gran triunfo del \u201cChivo\u201d Rossi."},"content":{"rendered":"<div class=\"story\">\n<h4 class=\"basic-paragraph\"><span class=\"mayuscula\">PROVINCIA DE SANTA FE<\/span><\/h4>\n<\/div>\n<div class=\"story\">\n<h1 class=\"basic-paragraph\">Gran triunfo del \u201cChivo\u201d Rossi.<\/h1>\n<\/div>\n<div class=\"story\">\n<p class=\"capitular-texto-gral\">Rosario en particular y Santa Fe en general es un territorio que, por su conformaci\u00f3n socio econ\u00f3mica, recibe el castigo directo del neoliberalismo, reflejando un gran descontento en la ciudadan\u00eda. De todas maneras, debemos comprender que la conciencia social no es un reflejo mec\u00e1nico y el aspecto ideol\u00f3gico es un campo en disputa donde la militancia debe contrarrestar los embates de los monopolios medi\u00e1ticos. En este sentido, las elecciones primarias son un term\u00f3metro que nos presenta un mapa pol\u00edtico m\u00e1s que optimista.<\/p>\n<p class=\"texto-general\">Los candidatos de Cristina en Santa Fe ganaron con comodidad sus internas: en las elecciones a diputados nacionales Unidad Ciudadana (Rossi) reuni\u00f3 el 61,93% de los sufragios seguido por Nuevo Espacio Santafesino (Rodenas) con el 35% y compromiso por Santa Fe (Di Bert) 3%; adem\u00e1s, en la suma, el Frente Justicialista (502.409 votos) se impuso a La Alianza Cambiemos (488.934 votos), recuperando en esta primera instancia un viejo basti\u00f3n, siendo el gran derrotado el Frente Progresista (215.616), que m\u00e1s all\u00e1 de su desgaste como oficialismo provincial y su fractura con parte de la UCR, paga cara sus pol\u00edticas econ\u00f3micas an\u00e1logas al PRO.<\/p>\n<p class=\"texto-general\">Importante es remarcar que la ciudad de Rosario, donde el recuento de votos se aletarg\u00f3 (manteni\u00e9ndolo en suspenso hasta la madrugada del lunes) el kirchnerismo viene consolidando posiciones con una expresi\u00f3n local denominada Frente Unidad Ciudadana, que dej\u00f3 en segundo lugar a Roberto Suquerman, desplazando al tercer puesto al Frente Progresista, que gobierna junto a los radicales desde la recuperaci\u00f3n de la democracia.<\/p>\n<p class=\"texto-general\">Los comunistas, como siempre, estuvimos en las calles volanteando, organizando y fiscalizando los candidatos de Unidad Ciudadana y, conscientes de nuestro rol, no le daremos tregua a la derecha y continuaremos en la calle, barrios y sindicatos impulsando la vuelta del proyecto nacional y popular. Como expres\u00f3 Agust\u00edn Rossi, Unidad Ciudadana \u201cquiere representar a los santafesinos de a pie, aquellos que sufren las consecuencias de este modelo de ajuste, a los que han perdido su trabajo, a los afectados por el tarifazo\u201d.<\/p>\n<\/div>\n","protected":false},"excerpt":{"rendered":"<p>PROVINCIA DE SANTA FE Gran triunfo del \u201cChivo\u201d Rossi. Rosario en particular y Santa Fe en general es un territorio que, por su conformaci\u00f3n socio econ\u00f3mica, recibe el castigo directo del neoliberalismo, reflejando un gran descontento en la ciudadan\u00eda. De todas maneras, debemos comprender que la conciencia social no es un reflejo mec\u00e1nico y el [&hellip;]<\/p>\n","protected":false},"author":1,"featured_media":2245,"comment_status":"closed","ping_status":"closed","sticky":false,"template":"","format":"standard","meta":{"tdm_status":"","tdm_grid_status":"","footnotes":""},"categories":[4,9],"tags":[],"class_list":["post-2266","post","type-post","status-publish","format-standard","has-post-thumbnail","hentry","category-featured","category-vidadepartido"],"_links":{"self":[{"href":"https:\/\/pcce.com.ar\/pcce\/wp-json\/wp\/v2\/posts\/2266","targetHints":{"allow":["GET"]}}],"collection":[{"href":"https:\/\/pcce.com.ar\/pcce\/wp-json\/wp\/v2\/posts"}],"about":[{"href":"https:\/\/pcce.com.ar\/pcce\/wp-json\/wp\/v2\/types\/post"}],"author":[{"embeddable":true,"href":"https:\/\/pcce.com.ar\/pcce\/wp-json\/wp\/v2\/users\/1"}],"replies":[{"embeddable":true,"href":"https:\/\/pcce.com.ar\/pcce\/wp-json\/wp\/v2\/comments?post=2266"}],"version-history":[{"count":0,"href":"https:\/\/pcce.com.ar\/pcce\/wp-json\/wp\/v2\/posts\/2266\/revisions"}],"wp:featuredmedia":[{"embeddable":true,"href":"https:\/\/pcce.com.ar\/pcce\/wp-json\/wp\/v2\/media\/2245"}],"wp:attachment":[{"href":"https:\/\/pcce.com.ar\/pcce\/wp-json\/wp\/v2\/media?parent=2266"}],"wp:term":[{"taxonomy":"category","embeddable":true,"href":"https:\/\/pcce.com.ar\/pcce\/wp-json\/wp\/v2\/categories?post=2266"},{"taxonomy":"post_tag","embeddable":true,"href":"https:\/\/pcce.com.ar\/pcce\/wp-json\/wp\/v2\/tags?post=2266"}],"curies":[{"name":"wp","href":"https:\/\/api.w.org\/{rel}","templated":true}]}}