{"id":2313,"date":"2017-09-17T19:26:37","date_gmt":"2017-09-17T22:26:37","guid":{"rendered":"https:\/\/pcce.com.ar\/pcce\/?p=2313"},"modified":"2017-09-17T19:26:37","modified_gmt":"2017-09-17T22:26:37","slug":"zonal-vicente-lopez-san-isidro-nuevas-tareas-nuevas-fuerzas","status":"publish","type":"post","link":"https:\/\/pcce.com.ar\/pcce\/2017\/09\/17\/zonal-vicente-lopez-san-isidro-nuevas-tareas-nuevas-fuerzas\/","title":{"rendered":"ZONAL VICENTE L\u00d3PEZ &#8211; SAN ISIDRO:  Nuevas tareas, nuevas fuerzas"},"content":{"rendered":"<div class=\"story\">\n<h4 class=\"basic-paragraph\"><span class=\"mayuscula\">ZONAL VICENTE L\u00d3PEZ &#8211; SAN ISIDRO<\/span><\/h4>\n<\/div>\n<div class=\"story\">\n<h1 class=\"basic-paragraph\">Nuevas tareas, nuevas fuerzas<\/h1>\n<\/div>\n<div class=\"story\">\n<p class=\"capitular-texto-gral\">El \u00faltimo 9 de septiembre realizamos un plenario del Partido en la sede de Unidad Ciudadana de San Isidro. Debatimos en torno a la organizaci\u00f3n y construcci\u00f3n de la fuerza pol\u00edtica del kirchnerismo y el aporte del PCCE en la campa\u00f1a hacia octubre. Contamos con la presencia y el aporte del camarada Pablo Pereyra, nuestro secretario general.<\/p>\n<p class=\"texto-general\">Compa\u00f1eros docentes, estudiantes, trabajadores y vecinos de los barrios donde militamos discutimos los criterios de la campa\u00f1a ciudadana que Cristina nos propone encarar.<\/p>\n<p class=\"texto-general\">Junto a Pablo, precisamos nuestro enfoque para militar cara-a-cara y poner al Partido a la altura de las circunstancias: estamos planificando, buscando estar cada vez m\u00e1s inmersos en los conflictos y los frentes de masas, conociendo las particularidades de cada lugar.<\/p>\n<p class=\"texto-general\">Estamos creando nuevas instancias organizativas para, con el enfoque de Unidad Ciudadana, organizar m\u00e1s compa\u00f1eros en los movimientos de masas. Necesitamos esclarecer en cada conflicto y convencer que la \u00fanica forma de ponerle un freno al ajuste es conseguir una victoria a\u00fan mayor de Cristina en octubre.<\/p>\n<p class=\"texto-general\">Cerr\u00f3 el plenario un contundente aplauso, con el que Pablo entreg\u00f3 los carnets a los nuevos afiliados, y arrancamos las nuevas tareas.<\/p>\n<\/div>\n","protected":false},"excerpt":{"rendered":"<p>ZONAL VICENTE L\u00d3PEZ &#8211; SAN ISIDRO Nuevas tareas, nuevas fuerzas El \u00faltimo 9 de septiembre realizamos un plenario del Partido en la sede de Unidad Ciudadana de San Isidro. Debatimos en torno a la organizaci\u00f3n y construcci\u00f3n de la fuerza pol\u00edtica del kirchnerismo y el aporte del PCCE en la campa\u00f1a hacia octubre. Contamos con [&hellip;]<\/p>\n","protected":false},"author":1,"featured_media":2290,"comment_status":"closed","ping_status":"closed","sticky":false,"template":"","format":"standard","meta":{"tdm_status":"","tdm_grid_status":"","footnotes":""},"categories":[9],"tags":[],"class_list":["post-2313","post","type-post","status-publish","format-standard","has-post-thumbnail","hentry","category-vidadepartido"],"_links":{"self":[{"href":"https:\/\/pcce.com.ar\/pcce\/wp-json\/wp\/v2\/posts\/2313","targetHints":{"allow":["GET"]}}],"collection":[{"href":"https:\/\/pcce.com.ar\/pcce\/wp-json\/wp\/v2\/posts"}],"about":[{"href":"https:\/\/pcce.com.ar\/pcce\/wp-json\/wp\/v2\/types\/post"}],"author":[{"embeddable":true,"href":"https:\/\/pcce.com.ar\/pcce\/wp-json\/wp\/v2\/users\/1"}],"replies":[{"embeddable":true,"href":"https:\/\/pcce.com.ar\/pcce\/wp-json\/wp\/v2\/comments?post=2313"}],"version-history":[{"count":0,"href":"https:\/\/pcce.com.ar\/pcce\/wp-json\/wp\/v2\/posts\/2313\/revisions"}],"wp:featuredmedia":[{"embeddable":true,"href":"https:\/\/pcce.com.ar\/pcce\/wp-json\/wp\/v2\/media\/2290"}],"wp:attachment":[{"href":"https:\/\/pcce.com.ar\/pcce\/wp-json\/wp\/v2\/media?parent=2313"}],"wp:term":[{"taxonomy":"category","embeddable":true,"href":"https:\/\/pcce.com.ar\/pcce\/wp-json\/wp\/v2\/categories?post=2313"},{"taxonomy":"post_tag","embeddable":true,"href":"https:\/\/pcce.com.ar\/pcce\/wp-json\/wp\/v2\/tags?post=2313"}],"curies":[{"name":"wp","href":"https:\/\/api.w.org\/{rel}","templated":true}]}}