{"id":2315,"date":"2017-09-17T19:28:34","date_gmt":"2017-09-17T22:28:34","guid":{"rendered":"https:\/\/pcce.com.ar\/pcce\/?p=2315"},"modified":"2017-09-17T19:28:34","modified_gmt":"2017-09-17T22:28:34","slug":"jujuy-avanza-el-pcce","status":"publish","type":"post","link":"https:\/\/pcce.com.ar\/pcce\/2017\/09\/17\/jujuy-avanza-el-pcce\/","title":{"rendered":"JUJUY:  Avanza el PCCE"},"content":{"rendered":"<div class=\"story\">\n<h4 class=\"basic-paragraph\"><span class=\"mayuscula\">JUJUY<\/span><\/h4>\n<\/div>\n<div class=\"story\">\n<h1 class=\"titulo-2\">Avanza el PCCE<\/h1>\n<\/div>\n<div class=\"story\">\n<p class=\"recuadro-letra-capitular\">Organizar la resistencia al neoliberalismo y aportar por izquierda a construir la fuerza pol\u00edtica de Cristina en Jujuy. Ubicando esos dos ejes como gu\u00eda para la acci\u00f3n, avanza la construcci\u00f3n del PCCE en la provincia, con base en la ciudad de Palpal\u00e1 y con perspectivas hacia otras ciudades.<\/p>\n<p class=\"recuadro-letra\">Convocados a discutir sobre el deterioro de la situaci\u00f3n econ\u00f3mica, social, laboral y el crecimiento de las pol\u00edticas represivas a partir de la asunci\u00f3n del t\u00e1ndem Macri-Morales, nuevos camaradas resolvieron afiliarse al PCCE y comenzaron a difundir nuestra l\u00ednea organizando volanteadas casa por casa y con mesas en las esquinas. Adem\u00e1s se est\u00e1 difundiendo Nuestra Palabra con muy buena recepci\u00f3n por parte de estudiantes, trabajadores y tambi\u00e9n entre compa\u00f1eros de fuerzas aliadas.<\/p>\n<p class=\"recuadro-letra\">Junto a ellas nos incorporamos como organizaci\u00f3n fundadora del Frente Unidad Ciudadana en la provincia, desde donde se propone, como expresa el documento fundacional, \u201cser la voz opositora ante las medidas que atentan contra el trabajo y la dignidad del pueblo juje\u00f1o\u201d, y \u201cproponer una alternativa pol\u00edtica en el marco de la construcci\u00f3n de la Unidad Ciudadana que impulsa nuestra conductora, Cristina Fern\u00e1ndez de Kirchner, a nivel nacional\u201d. En esa direcci\u00f3n se orienta el compromiso y la acci\u00f3n de los comunistas en Jujuy.<\/p>\n<\/div>\n<div class=\"story\"><\/div>\n","protected":false},"excerpt":{"rendered":"<p>JUJUY Avanza el PCCE Organizar la resistencia al neoliberalismo y aportar por izquierda a construir la fuerza pol\u00edtica de Cristina en Jujuy. Ubicando esos dos ejes como gu\u00eda para la acci\u00f3n, avanza la construcci\u00f3n del PCCE en la provincia, con base en la ciudad de Palpal\u00e1 y con perspectivas hacia otras ciudades. Convocados a discutir [&hellip;]<\/p>\n","protected":false},"author":1,"featured_media":2294,"comment_status":"closed","ping_status":"closed","sticky":false,"template":"","format":"standard","meta":{"tdm_status":"","tdm_grid_status":"","footnotes":""},"categories":[9],"tags":[],"class_list":["post-2315","post","type-post","status-publish","format-standard","has-post-thumbnail","hentry","category-vidadepartido"],"_links":{"self":[{"href":"https:\/\/pcce.com.ar\/pcce\/wp-json\/wp\/v2\/posts\/2315","targetHints":{"allow":["GET"]}}],"collection":[{"href":"https:\/\/pcce.com.ar\/pcce\/wp-json\/wp\/v2\/posts"}],"about":[{"href":"https:\/\/pcce.com.ar\/pcce\/wp-json\/wp\/v2\/types\/post"}],"author":[{"embeddable":true,"href":"https:\/\/pcce.com.ar\/pcce\/wp-json\/wp\/v2\/users\/1"}],"replies":[{"embeddable":true,"href":"https:\/\/pcce.com.ar\/pcce\/wp-json\/wp\/v2\/comments?post=2315"}],"version-history":[{"count":0,"href":"https:\/\/pcce.com.ar\/pcce\/wp-json\/wp\/v2\/posts\/2315\/revisions"}],"wp:featuredmedia":[{"embeddable":true,"href":"https:\/\/pcce.com.ar\/pcce\/wp-json\/wp\/v2\/media\/2294"}],"wp:attachment":[{"href":"https:\/\/pcce.com.ar\/pcce\/wp-json\/wp\/v2\/media?parent=2315"}],"wp:term":[{"taxonomy":"category","embeddable":true,"href":"https:\/\/pcce.com.ar\/pcce\/wp-json\/wp\/v2\/categories?post=2315"},{"taxonomy":"post_tag","embeddable":true,"href":"https:\/\/pcce.com.ar\/pcce\/wp-json\/wp\/v2\/tags?post=2315"}],"curies":[{"name":"wp","href":"https:\/\/api.w.org\/{rel}","templated":true}]}}