{"id":25286,"date":"2023-09-29T15:41:26","date_gmt":"2023-09-29T18:41:26","guid":{"rendered":"https:\/\/pcce.com.ar\/pcce\/?p=25286"},"modified":"2023-09-29T15:41:26","modified_gmt":"2023-09-29T18:41:26","slug":"choripan-y-politica-encuentro-militante-en-zona-norte","status":"publish","type":"post","link":"https:\/\/pcce.com.ar\/pcce\/2023\/09\/29\/choripan-y-politica-encuentro-militante-en-zona-norte\/","title":{"rendered":"CHORIP\u00c1N Y POL\u00cdTICA &#8211; Encuentro militante en Zona Norte"},"content":{"rendered":"<h4>CHORIP\u00c1N Y POL\u00cdTICA<\/h4>\n<h1>Encuentro militante en Zona Norte<\/h1>\n<p>En el proceso de la campa\u00f1a electoral, los y las camaradas del Regional Norte convocamos al encuentro \u201cChorip\u00e1n y pol\u00edtica\u201d en el Centro Cultural Mercedes Sosa. El resultado fue muy exitoso, con un animado debate y con la incorporaci\u00f3n entusiasta de nuevos afiliados a nuestro Partido. Se concluy\u00f3 con la planificaci\u00f3n y trazado de nuevas actividades para dar continuidad a nuestro aporte militante en este desaf\u00edo que enfrentamos para que Uni\u00f3n por la Patria se imponga en la pr\u00f3xima elecci\u00f3n. El final fue con interesantes reflexiones pol\u00edticas que dieron el contenido propio de un encuentro entre militantes revolucionarios.<\/p>\n","protected":false},"excerpt":{"rendered":"<p>CHORIP\u00c1N Y POL\u00cdTICA Encuentro militante en Zona Norte En el proceso de la campa\u00f1a electoral, los y las camaradas del Regional Norte convocamos al encuentro \u201cChorip\u00e1n y pol\u00edtica\u201d en el Centro Cultural Mercedes Sosa. El resultado fue muy exitoso, con un animado debate y con la incorporaci\u00f3n entusiasta de nuevos afiliados a nuestro Partido. Se [&hellip;]<\/p>\n","protected":false},"author":1,"featured_media":25290,"comment_status":"closed","ping_status":"closed","sticky":false,"template":"","format":"standard","meta":{"tdm_status":"","tdm_grid_status":"","footnotes":""},"categories":[4,9],"tags":[],"class_list":["post-25286","post","type-post","status-publish","format-standard","has-post-thumbnail","hentry","category-featured","category-vidadepartido"],"_links":{"self":[{"href":"https:\/\/pcce.com.ar\/pcce\/wp-json\/wp\/v2\/posts\/25286","targetHints":{"allow":["GET"]}}],"collection":[{"href":"https:\/\/pcce.com.ar\/pcce\/wp-json\/wp\/v2\/posts"}],"about":[{"href":"https:\/\/pcce.com.ar\/pcce\/wp-json\/wp\/v2\/types\/post"}],"author":[{"embeddable":true,"href":"https:\/\/pcce.com.ar\/pcce\/wp-json\/wp\/v2\/users\/1"}],"replies":[{"embeddable":true,"href":"https:\/\/pcce.com.ar\/pcce\/wp-json\/wp\/v2\/comments?post=25286"}],"version-history":[{"count":0,"href":"https:\/\/pcce.com.ar\/pcce\/wp-json\/wp\/v2\/posts\/25286\/revisions"}],"wp:featuredmedia":[{"embeddable":true,"href":"https:\/\/pcce.com.ar\/pcce\/wp-json\/wp\/v2\/media\/25290"}],"wp:attachment":[{"href":"https:\/\/pcce.com.ar\/pcce\/wp-json\/wp\/v2\/media?parent=25286"}],"wp:term":[{"taxonomy":"category","embeddable":true,"href":"https:\/\/pcce.com.ar\/pcce\/wp-json\/wp\/v2\/categories?post=25286"},{"taxonomy":"post_tag","embeddable":true,"href":"https:\/\/pcce.com.ar\/pcce\/wp-json\/wp\/v2\/tags?post=25286"}],"curies":[{"name":"wp","href":"https:\/\/api.w.org\/{rel}","templated":true}]}}