{"id":25288,"date":"2023-09-29T15:43:10","date_gmt":"2023-09-29T18:43:10","guid":{"rendered":"https:\/\/pcce.com.ar\/pcce\/?p=25288"},"modified":"2023-09-29T15:43:10","modified_gmt":"2023-09-29T18:43:10","slug":"milei-un-servidor-de-pasado-en-copa-nueva","status":"publish","type":"post","link":"https:\/\/pcce.com.ar\/pcce\/2023\/09\/29\/milei-un-servidor-de-pasado-en-copa-nueva\/","title":{"rendered":"MILEI &#8211; Un servidor de pasado en copa nueva"},"content":{"rendered":"<h4>MILEI<\/h4>\n<h1>Un servidor de pasado en copa nueva<\/h1>\n<p>Durante gran parte del d\u00eda, en horas pico con el pasaje apretujado, los dedos no paran de deslizarse por las pantallas que saltan de una red a otra. No es solo entretenimiento, es la informaci\u00f3n y la distracci\u00f3n permanentes. Celulares que merecen un Pre\u00e1mbulo de instrucciones de Cort\u00e1zar. En esa marea se cuelan los vide\u00edtos de los libertarios pescando clientes.<br \/>\nMilei fue construyendo su imagen en la televisi\u00f3n. \u00c9l mismo dijo que \u201clos padres de la criatura\u201d, refiri\u00e9ndose a s\u00ed mismo, son Alejandro Fantino y Mauro Viale. A partir del 2016, ellos le dieron la plataforma para que el candidato de La Libertad Avanza fuese conocido. Esa persona histri\u00f3nica gesticulando, haciendo muecas de desprecio, de rabia, de enojo, cautiv\u00f3 a una parte de la audiencia y no se fue m\u00e1s. Luego, los recortes de los videos inundaron las redes sociales y sus insultos y ataques se viralizaron sintonizando con el enojo y la frustraci\u00f3n social.<br \/>\nLejos de ser un fen\u00f3meno aislado, el creciente protagonismo del Milei en el escenario pol\u00edtico hace juego con la emergencia de figuras conservadoras en diversos puntos de Occidente. El a\u00f1o pasado, Milei adhiri\u00f3 a la denominada \u201cCarta de Madrid\u201d, un pronunciamiento impulsado por el Foro de Madrid en oposici\u00f3n al progresista Foro de San Pablo.<br \/>\nEl candidato de la cabellera ex\u00f3tica y la papada oculta se junt\u00f3 con lo m\u00e1s granado del movimiento: Steve Bannon, Eduardo Bolsonaro, Jos\u00e9 Kast, Santiago Abascal (de Vox) y el polaco Lech Walesa, y coincidi\u00f3 con los ejes de acci\u00f3n de las CPAC (Conservative Political Action Conference). Junto a \u00e9l se vio tambi\u00e9n a su postulante a vice, la defensora de genocidas Victoria Villarruel. Steve Bannon es quien intenta dar cohesi\u00f3n a esta nueva Santa Alianza restauradora. Ex oficial de la marina, ex banquero y uno de los creadores de Cambridge Analytica, asesor\u00f3 a Trump, Orban y Bolsonaro en sus respectivas campa\u00f1as, basadas en la segmentaci\u00f3n de p\u00fablicos que permite el big data y la difusi\u00f3n de noticias falsas al gusto de cada uno, con discursos violentos.<br \/>\nHay una estrategia que viene del Brexit pasando por Trump que invent\u00f3 Banon, que se reprodujo en Chile, Brasil y que estamos viviendo ac\u00e1, con una maniobra disruptiva construida desde las redes: el uso de la segmentaci\u00f3n de p\u00fablicos a trav\u00e9s del big data y las fake news. La estrategia digital de Milei tiene como cerebro a Fernando Cerimedo, fundador del sitio digital La Derecha Diario, que trabaj\u00f3 en las campa\u00f1as de Kast y Bolsonaro.<br \/>\nMilei quiere posicionarse como un salvador mesi\u00e1nico que va a resolver los problemas m\u00e1s elementales y las expectativas, reforzadas o creadas por el bombardeo de las multiplataformas, de amplios sectores de la poblaci\u00f3n argentina. Esto alimenta un cierto irracionalismo, el conjuro m\u00e1gico de todos los problemas, aunque sus votantes encuentren serias dificultades para explicar c\u00f3mo y para qu\u00e9 se instrumentar\u00edan muchas de sus supuestas medidas en el caso de llegar a la presidencia. Este irracionalismo es caracter\u00edstico de la ultraderecha actual, la inmediatez de las redes, el lenguaje simplificado y abstracto que hace pie en algunas de las angustias, malestares o inquietudes populares. Se vio en el Brexit, cuyo eslogan fue \u201cRetomar el control\u201d, \u201cHaz Am\u00e9rica grande otra vez\u201d de la campa\u00f1a de Trump y entroncaba con el slogan de campa\u00f1a de Reagan, y \u201cBrasil encima de todo, Dios encima de todos\u201d, con Bolsonaro. En el caso de nuestro peque\u00f1o superhombre de las pampas el terminar con la casta y \u201cviva la libertad, carajo\u201d, m\u00e1s modesto, pero m\u00e1s acorde a un sentimiento antipol\u00edtica que la oposici\u00f3n al kirchnerismo supo macerar a fuego lento, pero constante.<br \/>\nEn realidad, detr\u00e1s de su ret\u00f3rica de odio a la casta pol\u00edtica, solo trae como propuesta las viejas recetas de los Chicago Boys que llevan 50 a\u00f1os de fracasos sobre estas tierras. Milei no es m\u00e1s que \u201cun servidor de pasado en copa nueva\u201d y probablemente el menos dotado para la misi\u00f3n.<\/p>\n","protected":false},"excerpt":{"rendered":"<p>MILEI Un servidor de pasado en copa nueva Durante gran parte del d\u00eda, en horas pico con el pasaje apretujado, los dedos no paran de deslizarse por las pantallas que saltan de una red a otra. No es solo entretenimiento, es la informaci\u00f3n y la distracci\u00f3n permanentes. Celulares que merecen un Pre\u00e1mbulo de instrucciones de [&hellip;]<\/p>\n","protected":false},"author":1,"featured_media":25292,"comment_status":"closed","ping_status":"closed","sticky":false,"template":"","format":"standard","meta":{"tdm_status":"","tdm_grid_status":"","footnotes":""},"categories":[17,4],"tags":[],"class_list":["post-25288","post","type-post","status-publish","format-standard","has-post-thumbnail","hentry","category-contratapa","category-featured"],"_links":{"self":[{"href":"https:\/\/pcce.com.ar\/pcce\/wp-json\/wp\/v2\/posts\/25288","targetHints":{"allow":["GET"]}}],"collection":[{"href":"https:\/\/pcce.com.ar\/pcce\/wp-json\/wp\/v2\/posts"}],"about":[{"href":"https:\/\/pcce.com.ar\/pcce\/wp-json\/wp\/v2\/types\/post"}],"author":[{"embeddable":true,"href":"https:\/\/pcce.com.ar\/pcce\/wp-json\/wp\/v2\/users\/1"}],"replies":[{"embeddable":true,"href":"https:\/\/pcce.com.ar\/pcce\/wp-json\/wp\/v2\/comments?post=25288"}],"version-history":[{"count":0,"href":"https:\/\/pcce.com.ar\/pcce\/wp-json\/wp\/v2\/posts\/25288\/revisions"}],"wp:featuredmedia":[{"embeddable":true,"href":"https:\/\/pcce.com.ar\/pcce\/wp-json\/wp\/v2\/media\/25292"}],"wp:attachment":[{"href":"https:\/\/pcce.com.ar\/pcce\/wp-json\/wp\/v2\/media?parent=25288"}],"wp:term":[{"taxonomy":"category","embeddable":true,"href":"https:\/\/pcce.com.ar\/pcce\/wp-json\/wp\/v2\/categories?post=25288"},{"taxonomy":"post_tag","embeddable":true,"href":"https:\/\/pcce.com.ar\/pcce\/wp-json\/wp\/v2\/tags?post=25288"}],"curies":[{"name":"wp","href":"https:\/\/api.w.org\/{rel}","templated":true}]}}