{"id":25310,"date":"2023-10-27T22:18:15","date_gmt":"2023-10-28T01:18:15","guid":{"rendered":"https:\/\/pcce.com.ar\/pcce\/?p=25310"},"modified":"2023-10-27T22:18:15","modified_gmt":"2023-10-28T01:18:15","slug":"general-rodriguez-lucha-y-organizacion-estudiantil","status":"publish","type":"post","link":"https:\/\/pcce.com.ar\/pcce\/2023\/10\/27\/general-rodriguez-lucha-y-organizacion-estudiantil\/","title":{"rendered":"GENERAL RODR\u00cdGUEZ: Lucha y organizaci\u00f3n estudiantil"},"content":{"rendered":"<h4 class=\"p1\"><span class=\"s1\">GENERAL RODR\u00cdGUEZ<\/span><\/h4>\n<h1 class=\"p1\"><span class=\"s1\">Lucha y organizaci\u00f3n estudiantil<span class=\"Apple-converted-space\">\u00a0<\/span><\/span><\/h1>\n<p class=\"p1\"><span class=\"s1\">A 40 a\u00f1os de nuestra democracia, la escuela t\u00e9cnica Javier Tapi\u00e9 de Gral Rodriguez, celebr\u00f3 nuevas elecciones del Centro de Estudiantes, donde la lista encabezada por nuestro camarada Facundo, result\u00f3 reelecta por m\u00e1s de 600 votos y revalid\u00f3 por otro a\u00f1o m\u00e1s a un comunista al frente de las reivindicaciones estudiantiles. Celebramos esta victoria que no es m\u00e1s que un reconocimiento a la organizaci\u00f3n y la lucha que vienen sosteniendo hace m\u00e1s de un a\u00f1o las y los compa\u00f1eros que desarrollan un plan de trabajo para mejorar la realidad de nuestra comunidad educativa.<\/span><\/p>\n<p class=\"p1\"><span class=\"s1\">En ese sentido, reafirmamos nuestro compromiso por seguir debatiendo y construyendo con cada una\/o de los\/as estudiantes el crecimiento para nuestra escuela.<\/span><\/p>\n","protected":false},"excerpt":{"rendered":"<p>GENERAL RODR\u00cdGUEZ Lucha y organizaci\u00f3n estudiantil\u00a0 A 40 a\u00f1os de nuestra democracia, la escuela t\u00e9cnica Javier Tapi\u00e9 de Gral Rodriguez, celebr\u00f3 nuevas elecciones del Centro de Estudiantes, donde la lista encabezada por nuestro camarada Facundo, result\u00f3 reelecta por m\u00e1s de 600 votos y revalid\u00f3 por otro a\u00f1o m\u00e1s a un comunista al frente de las [&hellip;]<\/p>\n","protected":false},"author":1,"featured_media":25326,"comment_status":"closed","ping_status":"closed","sticky":false,"template":"","format":"standard","meta":{"tdm_status":"","tdm_grid_status":"","footnotes":""},"categories":[4,9],"tags":[],"class_list":["post-25310","post","type-post","status-publish","format-standard","has-post-thumbnail","hentry","category-featured","category-vidadepartido"],"_links":{"self":[{"href":"https:\/\/pcce.com.ar\/pcce\/wp-json\/wp\/v2\/posts\/25310","targetHints":{"allow":["GET"]}}],"collection":[{"href":"https:\/\/pcce.com.ar\/pcce\/wp-json\/wp\/v2\/posts"}],"about":[{"href":"https:\/\/pcce.com.ar\/pcce\/wp-json\/wp\/v2\/types\/post"}],"author":[{"embeddable":true,"href":"https:\/\/pcce.com.ar\/pcce\/wp-json\/wp\/v2\/users\/1"}],"replies":[{"embeddable":true,"href":"https:\/\/pcce.com.ar\/pcce\/wp-json\/wp\/v2\/comments?post=25310"}],"version-history":[{"count":0,"href":"https:\/\/pcce.com.ar\/pcce\/wp-json\/wp\/v2\/posts\/25310\/revisions"}],"wp:featuredmedia":[{"embeddable":true,"href":"https:\/\/pcce.com.ar\/pcce\/wp-json\/wp\/v2\/media\/25326"}],"wp:attachment":[{"href":"https:\/\/pcce.com.ar\/pcce\/wp-json\/wp\/v2\/media?parent=25310"}],"wp:term":[{"taxonomy":"category","embeddable":true,"href":"https:\/\/pcce.com.ar\/pcce\/wp-json\/wp\/v2\/categories?post=25310"},{"taxonomy":"post_tag","embeddable":true,"href":"https:\/\/pcce.com.ar\/pcce\/wp-json\/wp\/v2\/tags?post=25310"}],"curies":[{"name":"wp","href":"https:\/\/api.w.org\/{rel}","templated":true}]}}