{"id":25340,"date":"2023-12-02T11:23:24","date_gmt":"2023-12-02T14:23:24","guid":{"rendered":"https:\/\/pcce.com.ar\/pcce\/?p=25340"},"modified":"2023-12-02T11:23:59","modified_gmt":"2023-12-02T14:23:59","slug":"en-las-calles-la-lucha-continua","status":"publish","type":"post","link":"https:\/\/pcce.com.ar\/pcce\/2023\/12\/02\/en-las-calles-la-lucha-continua\/","title":{"rendered":"EN LAS CALLES: La lucha contin\u00faa"},"content":{"rendered":"<h4 class=\"p1\"><span class=\"s1\">EN LAS CALLES<\/span><\/h4>\n<h1 class=\"p2\"><span class=\"s1\">La lucha contin\u00faa<\/span><\/h1>\n<p class=\"p1\"><span class=\"s1\">E<\/span><span class=\"s1\">l contexto ameritaba mayor presencia en la calle para debatir cara a cara y convocar al electorado a defender la democracia frente al fascismo neoliberal en el balotaje del 19 de noviembre. Es por ello que en cada barrio, escuela o \u00e1mbito laboral, lxs camaradas desarrollaron todo tipo de iniciativas militantes para lograr el objetivo.<span class=\"Apple-converted-space\">\u00a0<\/span><\/span><\/p>\n<p class=\"p2\"><span class=\"s1\">De cara al balotaje lxs compa\u00f1erxs que confluyen en el regional Sur (Avellaneda, Lan\u00fas, Lomas de Zamora, Almirante Brown) realizaron un gazebo de campa\u00f1a en el flamante Parque del F\u00fatbol de Avellaneda. Adem\u00e1s de entregar material de campa\u00f1a a lxs vecinxs que se acercaban al parque y difundir<i> Nuestra Palabra,<\/i> las camaradas de Oktubre-PCCE de la UNLa realizaron capacitaciones en t\u00e9cnicas de reanimaci\u00f3n cardiopulmonar (RCP) logrando una buena convocatoria y participaci\u00f3n vecinal.<\/span><\/p>\n<p class=\"p2\"><span class=\"s1\">El neoliberalismo apunta a la desfinanciaci\u00f3n y al arancelamiento de la salud p\u00fablica, pero se va a encontrar con un problema: los cientos de compa\u00f1eros y compa\u00f1eras que organizados en sindicatos, organizaciones profesionales y dem\u00e1s, dar\u00e1n batalla para garantizar el derecho sanitario de la poblaci\u00f3n. All\u00ed estaremos luchando y fortaleciendo el zonal como en todos los movimientos de masas.<\/span><\/p>\n<p class=\"p2\"><span class=\"s1\">Por el lado Oeste de la provincia de Bs As, la militancia estuvo de pie en todos los frentes posibles. Territorialmente estuvimos recorriendo en el barrio La Posta y Agua de Oro de General Rodr\u00edguez entregando materiales y boletas a los vecinos y charlando acerca de la implicancia que ten\u00eda para nuestra clase trabajadora estas elecciones y que nuestro candidato Sergio Massa se consagre Presidente. Otro punto saliente entre la juventud, se dio en los volanteos realizados junto a los pibes estudiantes de la escuela ES 4 y la t\u00e9cnica Tapi\u00e9 donde se pudo marcar bien las diferencias entre los dos modelos en pugna con respecto a la escuela p\u00fablica.<\/span><\/p>\n<p class=\"p2\"><span class=\"s1\">En la misma sinton\u00eda estuvieron lxs camaradas de La Matanza donde salimos a militar con la fuerte convicci\u00f3n de la defensa de la democracia e intentando desenmascarar las ideas neoliberales viejas que hoy se presentan una nueva careta. Destacamos la noche del jueves 16 de noviembre a escasas horas del comienzo de la veda previa al balotaje en la que un grupo de camaradas realiz\u00f3 afichadas en Ituzaing\u00f3.<\/span><\/p>\n<p class=\"p2\"><span class=\"s1\">Entre los principales focos de concentraci\u00f3n del Partido se destacaron Vicente L\u00f3pez, San Isidro, Malvinas Argentinas y San Fernando, en donde predominaron las volanteadas y las afichadas nocturnas que lograron movilizar una importante cantidad de j\u00f3venes dispuestos a defender este proyecto nacional frente a la amenaza fascista. Hicimos 4 reuniones abiertas, cada una m\u00e1s numerosa que la anterior, fortaleciendo el colectivo y vinculando familias y amigos a la campa\u00f1a. Ese esfuerzo culmin\u00f3 en un aporte a las tres fiscalizaciones, donde sumamos militancia al compromiso con la tarea, lo que result\u00f3 en un saldo de crecimiento y acumulaci\u00f3n, v\u00ednculo frentista y referencia pol\u00edtica.<\/span><\/p>\n<p class=\"p2\"><span class=\"s1\">Nuestra militancia sostuvo adem\u00e1s el funcionamiento del Centro Cultural Mercedes Sosa, donde muchos artistas y vecinos acompa\u00f1aron las convocatorias de la campa\u00f1a. Cuatro d\u00edas despu\u00e9s del balotaje, y bajo la inercia del empuje militante, realizamos una milonga que llen\u00f3 el CCMS de coraje para la nueva etapa de resistencia.<\/span><\/p>\n<p class=\"p2\"><span class=\"s1\">En diferentes comunas de la Capital Federal el Partido tuvo un importante despliegue callejero. Casa por casa, timbreos, mesas de propaganda, afichadas y recorridas por plazas a fin de discutir cara a cara sobre los riesgos que implicaban una derrota de UP en el balotaje. Algunas intervenciones art\u00edsticas como Parque Centenario nos permitieron hacer part\u00edcipes a lxs vecinos de una cartelera colectiva en la que se los invitaba a dejar reflexiones y consignas que abonaran a reforzar los motivos por los cuales una victoria popular era imprescindible para nuestra Patria.<\/span><\/p>\n<p class=\"p2\"><span class=\"s1\">Entre las provincias argentinas destacamos el crecimiento que tuvo el Partido en Posadas, la capital misionera, donde se organizaron afichadas en gran parte del microcentro con la consigna <i>Que no te vendan una m\u00e1quina vieja con carcasa nueva. <\/i>Tambi\u00e9n en Santa Fe, Entre R\u00edos, Tucum\u00e1n, Mendoza, C\u00f3rdoba, R\u00edo Negro, Santa Cruz, entre otras, destinamos nuestros mayores esfuerzos.<\/span><\/p>\n<p class=\"p2\"><span class=\"s1\">M\u00e1s all\u00e1 del resultado electoral a nivel nacional, la campa\u00f1a sirvi\u00f3 para motorizar y convocar a lxs camaradas de muchos puntos del pa\u00eds, reforzando la identidad comunista y tomando la iniciativa en la calle donde dejamos todo para ganar la elecci\u00f3n. Lejos de haber desgano o sabor a derrota, seguimos apostando al proyecto nacional y popular del cual somos parte y militamos fuertemente.<span class=\"Apple-converted-space\">\u00a0<\/span><\/span><\/p>\n","protected":false},"excerpt":{"rendered":"<p>EN LAS CALLES La lucha contin\u00faa El contexto ameritaba mayor presencia en la calle para debatir cara a cara y convocar al electorado a defender la democracia frente al fascismo neoliberal en el balotaje del 19 de noviembre. Es por ello que en cada barrio, escuela o \u00e1mbito laboral, lxs camaradas desarrollaron todo tipo de [&hellip;]<\/p>\n","protected":false},"author":1,"featured_media":25348,"comment_status":"closed","ping_status":"closed","sticky":false,"template":"","format":"standard","meta":{"tdm_status":"","tdm_grid_status":"","footnotes":""},"categories":[4,9],"tags":[],"class_list":["post-25340","post","type-post","status-publish","format-standard","has-post-thumbnail","hentry","category-featured","category-vidadepartido"],"_links":{"self":[{"href":"https:\/\/pcce.com.ar\/pcce\/wp-json\/wp\/v2\/posts\/25340","targetHints":{"allow":["GET"]}}],"collection":[{"href":"https:\/\/pcce.com.ar\/pcce\/wp-json\/wp\/v2\/posts"}],"about":[{"href":"https:\/\/pcce.com.ar\/pcce\/wp-json\/wp\/v2\/types\/post"}],"author":[{"embeddable":true,"href":"https:\/\/pcce.com.ar\/pcce\/wp-json\/wp\/v2\/users\/1"}],"replies":[{"embeddable":true,"href":"https:\/\/pcce.com.ar\/pcce\/wp-json\/wp\/v2\/comments?post=25340"}],"version-history":[{"count":0,"href":"https:\/\/pcce.com.ar\/pcce\/wp-json\/wp\/v2\/posts\/25340\/revisions"}],"wp:featuredmedia":[{"embeddable":true,"href":"https:\/\/pcce.com.ar\/pcce\/wp-json\/wp\/v2\/media\/25348"}],"wp:attachment":[{"href":"https:\/\/pcce.com.ar\/pcce\/wp-json\/wp\/v2\/media?parent=25340"}],"wp:term":[{"taxonomy":"category","embeddable":true,"href":"https:\/\/pcce.com.ar\/pcce\/wp-json\/wp\/v2\/categories?post=25340"},{"taxonomy":"post_tag","embeddable":true,"href":"https:\/\/pcce.com.ar\/pcce\/wp-json\/wp\/v2\/tags?post=25340"}],"curies":[{"name":"wp","href":"https:\/\/api.w.org\/{rel}","templated":true}]}}