{"id":25372,"date":"2023-12-21T11:00:40","date_gmt":"2023-12-21T14:00:40","guid":{"rendered":"https:\/\/pcce.com.ar\/pcce\/?p=25372"},"modified":"2023-12-21T11:00:25","modified_gmt":"2023-12-21T14:00:25","slug":"asuncion-de-axel-kicillof-la-patria-no-se-vende","status":"publish","type":"post","link":"https:\/\/pcce.com.ar\/pcce\/2023\/12\/21\/asuncion-de-axel-kicillof-la-patria-no-se-vende\/","title":{"rendered":"ASUNCI\u00d3N DE AXEL KICILLOF: La Patria no se vende"},"content":{"rendered":"<h4>ASUNCI\u00d3N DE AXEL KICILLOF<\/h4>\n<h1>La Patria no se vende<\/h1>\n<p class=\"p1\"><span class=\"s1\">A<\/span><span class=\"s1\">xel comenz\u00f3 destacando que \u201ctoc\u00f3 transitar cuatro a\u00f1os dif\u00edciles\u201d y que el pueblo supo valorar todo lo que se pudo hacer en esas circunstancias, en clara alusi\u00f3n a la pandemia y la sequ\u00eda, despu\u00e9s de recibir una provincia devastada por el macrismo. Agradeci\u00f3 a los bonaerenses por renovar la confianza, a los 135 intendentes (tanto a los del propio espacio pol\u00edtico como de la oposici\u00f3n) y a sus ministros y funcionarios que debieron reconstruir un Estado que hab\u00eda sido \u201cdesmantelado\u201d. En este sentido, remarc\u00f3 el concepto de \u201cgabinete militante\u201d que marca la orientaci\u00f3n anti burocr\u00e1tica que busca sostener en su segunda gesti\u00f3n. Tambi\u00e9n agradeci\u00f3 la presencia de distintas fuerzas pol\u00edticas y sociales, sindicatos e iglesias, los que nos habla del gran apoyo popular y transversal que tiene su gobierno. Entre las menciones, Axel Kicillof define una posici\u00f3n pol\u00edtica en defensa de los DD.HH., totalmente antag\u00f3nica a la del bloque de poder hist\u00f3rico representados hoy por la alianza Cambiemos, libertarios y \u201cperonistas\u201d federales, cuando nombra la presencia de las Madres y Abuelas de Plaza de Mayo. Luego agradece en especial la presencia de Cristina Fern\u00e1ndez de Kirchner, a quien seg\u00fan sus propias palabras \u201cadmira demasiado\u201d.<span class=\"Apple-converted-space\">\u00a0<\/span><\/span><\/p>\n<p class=\"p2\"><span class=\"s1\">El gobernador marc\u00f3 una hoja de ruta a seguir para los sectores populares poniendo en valor las pol\u00edticas que se implementaron en los 12 a\u00f1os de kirchnerismo, lo que defini\u00f3 como un manual de gobierno. Tambi\u00e9n dimension\u00f3 el apoyo del pueblo, que \u201celigi\u00f3 seguir el rumbo trazado y no lanzarse a lo desconocido\u201d, pero advirti\u00f3 que la reelecci\u00f3n no es para seguir haciendo \u201cmec\u00e1nicamente lo mismo sino para seguir transformando\u201d. Enfatiz\u00f3 una particularidad in\u00e9dita en la historia pol\u00edtica de nuestro pa\u00eds, donde producto del resultado electoral los gobiernos nacional y provincial estar\u00e1n conducidos por fuerzas antag\u00f3nicas. Hablando del resultado electoral, detall\u00f3 el triunfo logrado en el territorio provincial en las tres elecciones (PASO, generales y balotaje) lo que significa que los bonaerenses salieron a defender con su voto lo logrado en materia de salud, educaci\u00f3n, seguridad y obra p\u00fablica, y que gracias a eso se recuperaron diecis\u00e9is municipios hasta llegar a ochenta en toda la provincia, donde destac\u00f3 el triunfo en la capital provincial, ciudad de La Plata. Habl\u00f3 del compromiso que esto significa como fuerza pol\u00edtica, poniendo el acento en que las cosas que faltan son ampliaci\u00f3n de derechos, que no se consiguen con \u201cmotosierra y ajuste\u201d, sino que se realizan con \u201cm\u00e1s y mejor Estado\u201d. Agradeciendo a los bonaerenses en muchos pasajes del discurso, dijo que el mismo se da en un contexto de derrota del oficialismo a nivel nacional, advirtiendo a la fuerza vencedora que no ahogue a la provincia econ\u00f3micamente negando los recursos coparticipables que le corresponden. Retomando la l\u00ednea discursiva, Kicillof realiz\u00f3 un an\u00e1lisis de la situaci\u00f3n socio-econ\u00f3mica de la provincia de Bs. As., con su din\u00e1mica constante en relaci\u00f3n al movimiento de personas de otras provincias y pa\u00edses vecinos, lo que requiere de un presupuesto acorde a lo que produce y necesita.<\/span><\/p>\n<p class=\"p2\"><span class=\"s1\">Luego realiz\u00f3 una valoraci\u00f3n pol\u00edtica, enumerando primero las cosas que se hicieron bien (freno al saqueo neoliberal macrista con endeudamiento y tarifazos, recuperaci\u00f3n del rol del Estado, etc.) y una autocr\u00edtica necesaria sobre las cosas que no se lograron realizar por parte del Frente de Todos, lo que se vio reflejado en la derrota electoral del oficialismo a nivel nacional y en varias provincias. Derrota que defini\u00f3 como producto de \u201cfalta de rebeld\u00eda\u201d pol\u00edtica para poder resolver a favor del pueblo la distribuci\u00f3n de la riqueza, mejorando el salario y controlando la inflaci\u00f3n. El gobernador dos veces electo diferenci\u00f3 la falta de audacia de Alberto Fernandez con las acciones de N\u00e9stor y Cristina, que en condiciones dif\u00edciles, de ataques abiertos de los grupos econ\u00f3micos concentrados, lograron resistir e inclinar la balanza a favor del pueblo, mejorando la calidad de vida, demostrando c\u00f3mo se debe gobernar con amor y coraje en beneficio de las mayor\u00edas.<\/span><\/p>\n<p class=\"p2\"><span class=\"s1\">Mas all\u00e1 de las cosas que se deban revisar, despu\u00e9s de la derrota, Kicillof dej\u00f3 en claro que los principios de Uni\u00f3n por la Patria basados en la \u201cjusticia social\u201d no son una \u201caberraci\u00f3n\u201d como dice Milei y dem\u00e1s agentes reaccionarios dispersos entre el Poder Legislativo, la Justicia y los medios de comunicaci\u00f3n; afirm\u00f3 que \u201cla educaci\u00f3n y salud p\u00fablica son derechos que no se tocan, que las Malvinas son Argentinas y que genocidio Nunca M\u00e1s\u201d.<\/span><\/p>\n<p class=\"p2\"><span class=\"s1\">Al finalizar critic\u00f3 con fuerza el negacionismo y los discursos de odio que atentan contra la convivencia pac\u00edfica en democracia. Luego expres\u00f3 una declaraci\u00f3n de principios: \u201cla dignidad no es un negocio, los derechos no se miden por las ganancias econ\u00f3micas, la solidaridad no es c\u00e1lculo o transacci\u00f3n, la libertad s\u00f3lo es posible si hay igualdad, la vida no es un mercado y la Patria no se vende\u201d.<\/span><\/p>\n<p class=\"p2\"><span class=\"s1\">Para nosotros los comunistas, Axel Kicillof expresa lo m\u00e1s avanzado del proyecto nacional y popular en coincidencia con nuestra mirada sobre el curso de la historia en sentido progresista, para la materializaci\u00f3n de los principios hist\u00f3ricos de construir una sociedad m\u00e1s justa y soberana.<\/span><\/p>\n","protected":false},"excerpt":{"rendered":"<p>ASUNCI\u00d3N DE AXEL KICILLOF La Patria no se vende Axel comenz\u00f3 destacando que \u201ctoc\u00f3 transitar cuatro a\u00f1os dif\u00edciles\u201d y que el pueblo supo valorar todo lo que se pudo hacer en esas circunstancias, en clara alusi\u00f3n a la pandemia y la sequ\u00eda, despu\u00e9s de recibir una provincia devastada por el macrismo. Agradeci\u00f3 a los bonaerenses [&hellip;]<\/p>\n","protected":false},"author":1,"featured_media":25380,"comment_status":"closed","ping_status":"closed","sticky":false,"template":"","format":"standard","meta":{"tdm_status":"","tdm_grid_status":"","footnotes":""},"categories":[4,19],"tags":[],"class_list":["post-25372","post","type-post","status-publish","format-standard","has-post-thumbnail","hentry","category-featured","category-pagina2"],"_links":{"self":[{"href":"https:\/\/pcce.com.ar\/pcce\/wp-json\/wp\/v2\/posts\/25372","targetHints":{"allow":["GET"]}}],"collection":[{"href":"https:\/\/pcce.com.ar\/pcce\/wp-json\/wp\/v2\/posts"}],"about":[{"href":"https:\/\/pcce.com.ar\/pcce\/wp-json\/wp\/v2\/types\/post"}],"author":[{"embeddable":true,"href":"https:\/\/pcce.com.ar\/pcce\/wp-json\/wp\/v2\/users\/1"}],"replies":[{"embeddable":true,"href":"https:\/\/pcce.com.ar\/pcce\/wp-json\/wp\/v2\/comments?post=25372"}],"version-history":[{"count":0,"href":"https:\/\/pcce.com.ar\/pcce\/wp-json\/wp\/v2\/posts\/25372\/revisions"}],"wp:featuredmedia":[{"embeddable":true,"href":"https:\/\/pcce.com.ar\/pcce\/wp-json\/wp\/v2\/media\/25380"}],"wp:attachment":[{"href":"https:\/\/pcce.com.ar\/pcce\/wp-json\/wp\/v2\/media?parent=25372"}],"wp:term":[{"taxonomy":"category","embeddable":true,"href":"https:\/\/pcce.com.ar\/pcce\/wp-json\/wp\/v2\/categories?post=25372"},{"taxonomy":"post_tag","embeddable":true,"href":"https:\/\/pcce.com.ar\/pcce\/wp-json\/wp\/v2\/tags?post=25372"}],"curies":[{"name":"wp","href":"https:\/\/api.w.org\/{rel}","templated":true}]}}