{"id":25378,"date":"2023-12-21T10:59:10","date_gmt":"2023-12-21T13:59:10","guid":{"rendered":"https:\/\/pcce.com.ar\/pcce\/?p=25378"},"modified":"2023-12-21T10:59:10","modified_gmt":"2023-12-21T13:59:10","slug":"reunion-de-cc-del-pcce-en-el-comite-central-habla-el-partido","status":"publish","type":"post","link":"https:\/\/pcce.com.ar\/pcce\/2023\/12\/21\/reunion-de-cc-del-pcce-en-el-comite-central-habla-el-partido\/","title":{"rendered":"REUNI\u00d3N DE CC DEL PCCE: \u201cEn el Comit\u00e9 Central habla el Partido\u201d"},"content":{"rendered":"<h4>REUNI\u00d3N DE CC DEL PCCE<\/h4>\n<h1>\u201cEn el Comit\u00e9 Central habla el Partido\u201d<\/h1>\n<p class=\"p1\"><span class=\"s1\">E<\/span><span class=\"s1\">l eje principal del Comit\u00e9 Central fue el rol de nuestro Partido durante la campa\u00f1a electoral, en el marco de disputa que se desarroll\u00f3 durante el 2023. En el informe de apertura se destac\u00f3 que los comunistas \u201cno somos perfectos ni nada parecido. Pero s\u00ed tenemos que estar tranquilos respecto a nuestro accionar. Esto no es para regodearnos o por un esp\u00edritu conformista. Al contrario. Con nuestras fuerzas, que todav\u00eda son escasas, nos propusimos militar la campa\u00f1a con el objetivo no s\u00f3lo de disputar voto a voto, sino de organizar, elevar la conciencia, convocar a la participaci\u00f3n por m\u00e1s peque\u00f1a o puntual que sea. Buscamos un saldo organizativo. Ahora vendr\u00e1 la instancia del balance, ah\u00ed cada uno de nosotros podr\u00e1 transmitir la experiencia en cada lugar. Pero sabemos c\u00f3mo actu\u00f3 nuestro Partido, c\u00f3mo planificamos, c\u00f3mo decidimos concentrar la fuerza para afirmarnos en cada frente de masas, y no caer en criterios de dispersi\u00f3n, de espontane\u00edsmo, o peor a\u00fan, de cumplir administrativamente con las tareas. El resultado fue un crecimiento del Partido en aquellos lugares donde llevamos adelante estos criterios\u201d.<\/span><\/p>\n<p class=\"p2\"><span class=\"s1\">En el balance qued\u00f3 planteado el desarrollo de nuestra fuerza, la incorporaci\u00f3n de nuevos camaradas, la presencia en la calle con una posici\u00f3n definida, la impronta de nuestra propaganda, el laburo con <i>Nuestra Palabra,<\/i> entre otras valoraciones. Tambi\u00e9n la b\u00fasqueda permanente por establecer un v\u00ednculo pol\u00edtico con los m\u00e1s j\u00f3venes, nuestra militancia gremial, la forma de trabajar en los barrios, la pol\u00edtica hacia la cultura, etc. A partir del an\u00e1lisis de la experiencia pr\u00e1ctica, sea en los municipios de la provincia de Buenos Aires, en Entre R\u00edos, Mendoza, la Ciudad de Buenos Aires, Misiones, etc., se plantearon opiniones, se celebr\u00f3 el esfuerzo y la audacia para ir adelante, y obviamente se revisaron aquellas cuestiones que requieren un ajuste.<\/span><\/p>\n<p class=\"p2\"><span class=\"s1\">El cierre de la reuni\u00f3n estuvo a cargo del camarada Pablo Pereyra, secretario general del PCCE. Para empezar, se\u00f1al\u00f3 que \u201cen el Central habla el Partido, y hoy el Partido habl\u00f3. Con opiniones, con an\u00e1lisis de lo que pas\u00f3, de lo que viene para adelante y del laburo que se hizo. Yo creo que mejor Central que este, imposible. Lo que s\u00ed, nosotros tenemos que sacar conclusiones de lo que pas\u00f3. Es c\u00edclico y no queremos que cada cuatro a\u00f1os cambie todo, a nadie le gusta todo esto. Pero tambi\u00e9n hay que entender que la lucha de clases se da de esta manera. No es que tomamos el poder sino que son elecciones. Elecciones donde nosotros siempre jugamos con las reglas del enemigo, y cuando nos adaptamos a esas reglas te las vuelven a cambiar, sea en t\u00e9rminos institucionales o comunicacionales. Ellos van perfeccion\u00e1ndose permanentemente y parece que nosotros en Uni\u00f3n por la Patria, nosotros el campo popular, muchas veces no sacamos conclusiones y queremos jugar en el mismo terreno que ellos. Y no podemos competir en ese terreno. Entiendo que la comunicaci\u00f3n, las redes y todo ese universo tenemos que abordarlo. Ahora, el laburo nuestro es un laburo militante, es un laburo de conciencia, es un laburo uno a uno porque parte de las conclusiones de por qu\u00e9 perdimos es que no cumplimos con lo que Alberto Fern\u00e1ndez se comprometi\u00f3 a hacer cuando ganamos en 2019. Es una decepci\u00f3n. Una parte decepcionada no nos vot\u00f3 a nosotros\u201d.<span class=\"Apple-converted-space\">\u00a0<\/span><\/span><\/p>\n<p class=\"p2\"><span class=\"s1\">Continu\u00f3 Pablo: \u201cOtra parte es un voto antipol\u00edtica. Ya lo venimos hablando desde hace bastante tiempo. Pero no antipol\u00edtica en general, sino cuestionando una forma de hacer pol\u00edtica, la forma neoliberal de hacer pol\u00edtica. Que la hace el neoliberalismo, la hace el trotskismo, y lamentablemente tambi\u00e9n la hace una parte importante del campo popular. Con una pol\u00edtica nacional, popular, con un intento de desarrollo productivo, con inclusi\u00f3n social (en el caso del kirchnerismo) pero con una forma de hacer pol\u00edtica que est\u00e1 instalada desde hace d\u00e9cadas y que hace d\u00e9cadas va entrando en crisis c\u00edclicamente.\u201d<span class=\"Apple-converted-space\">\u00a0<\/span><\/span><\/p>\n<p class=\"p2\"><span class=\"s1\">Respecto a nuestro papel, y de cara a lo que se viene, el compa\u00f1ero Pablo afirm\u00f3: \u201cNosotros dejamos todo. Hasta el \u00faltimo militante nuestro. Trabajando, estudiando, con todas las complicaciones que tenemos, porque no tenemos una estructura asentada como para cubrir esta campa\u00f1a. Con todo lo que nos cost\u00f3, dejamos todo en la cancha. Como vamos a dejar todo ahora en lo que viene. Iremos ubicando los problemas, las reivindicaciones, y en funci\u00f3n de esas reivindicaciones estaremos abajo, en los movimientos de masas. \u00bfQu\u00e9 es un movimiento de masas? Lo hablamos un mill\u00f3n de veces. El lugar de laburo, la empresa, la cl\u00ednica, el colegio, lo que sea, hasta el barrio.<\/span><\/p>\n<p class=\"p2\"><span class=\"s1\">Los problemas van a venir por todos lados. Van a venir a trav\u00e9s del hambre, de los despidos, de los intentos de destrucci\u00f3n de los derechos laborales, va a haber que salir a defender las conquistas de d\u00e9cadas del movimiento obrero. Ah\u00ed vamos a estar. No vamos a estar en todos lados. Pero donde haya un militante nuestro, ah\u00ed tenemos que tomar la reivindicaci\u00f3n y buscar dar la pelea. Porque no solamente es importante frenar las medidas sino tambi\u00e9n generar conciencia de qu\u00e9 producen esas medidas y por qu\u00e9 hay que frenarlas. Y organizar esa conciencia, porque sino son batallas cortas que ganamos y despu\u00e9s volvemos a perder\u201d.<span class=\"Apple-converted-space\">\u00a0<\/span><\/span><\/p>\n","protected":false},"excerpt":{"rendered":"<p>REUNI\u00d3N DE CC DEL PCCE \u201cEn el Comit\u00e9 Central habla el Partido\u201d El eje principal del Comit\u00e9 Central fue el rol de nuestro Partido durante la campa\u00f1a electoral, en el marco de disputa que se desarroll\u00f3 durante el 2023. En el informe de apertura se destac\u00f3 que los comunistas \u201cno somos perfectos ni nada parecido. [&hellip;]<\/p>\n","protected":false},"author":1,"featured_media":25386,"comment_status":"closed","ping_status":"closed","sticky":false,"template":"","format":"standard","meta":{"tdm_status":"","tdm_grid_status":"","footnotes":""},"categories":[4,9],"tags":[],"class_list":["post-25378","post","type-post","status-publish","format-standard","has-post-thumbnail","hentry","category-featured","category-vidadepartido"],"_links":{"self":[{"href":"https:\/\/pcce.com.ar\/pcce\/wp-json\/wp\/v2\/posts\/25378","targetHints":{"allow":["GET"]}}],"collection":[{"href":"https:\/\/pcce.com.ar\/pcce\/wp-json\/wp\/v2\/posts"}],"about":[{"href":"https:\/\/pcce.com.ar\/pcce\/wp-json\/wp\/v2\/types\/post"}],"author":[{"embeddable":true,"href":"https:\/\/pcce.com.ar\/pcce\/wp-json\/wp\/v2\/users\/1"}],"replies":[{"embeddable":true,"href":"https:\/\/pcce.com.ar\/pcce\/wp-json\/wp\/v2\/comments?post=25378"}],"version-history":[{"count":0,"href":"https:\/\/pcce.com.ar\/pcce\/wp-json\/wp\/v2\/posts\/25378\/revisions"}],"wp:featuredmedia":[{"embeddable":true,"href":"https:\/\/pcce.com.ar\/pcce\/wp-json\/wp\/v2\/media\/25386"}],"wp:attachment":[{"href":"https:\/\/pcce.com.ar\/pcce\/wp-json\/wp\/v2\/media?parent=25378"}],"wp:term":[{"taxonomy":"category","embeddable":true,"href":"https:\/\/pcce.com.ar\/pcce\/wp-json\/wp\/v2\/categories?post=25378"},{"taxonomy":"post_tag","embeddable":true,"href":"https:\/\/pcce.com.ar\/pcce\/wp-json\/wp\/v2\/tags?post=25378"}],"curies":[{"name":"wp","href":"https:\/\/api.w.org\/{rel}","templated":true}]}}