{"id":25405,"date":"2024-03-07T10:35:10","date_gmt":"2024-03-07T13:35:10","guid":{"rendered":"https:\/\/pcce.com.ar\/pcce\/?p=25405"},"modified":"2024-03-07T10:35:10","modified_gmt":"2024-03-07T13:35:10","slug":"ituzaingo-por-un-24-masivo-y-antifacista","status":"publish","type":"post","link":"https:\/\/pcce.com.ar\/pcce\/2024\/03\/07\/ituzaingo-por-un-24-masivo-y-antifacista\/","title":{"rendered":"ITUZAING\u00d3: Por un 24 masivo y antifacista"},"content":{"rendered":"<h4>ITUZAING\u00d3<\/h4>\n<h1 class=\"p1\"><span class=\"s1\">Por un 24 masivo <\/span><span class=\"s1\">y antifacista<\/span><\/h1>\n<p class=\"p2\"><span class=\"s1\">E<\/span><span class=\"s1\">n la tarde del s\u00e1bado 2 de marzo un grupo de camaradas del zonal oeste del conurbano bonaerense estuvieron realizando una volanteada en la plaza \u201c20 de Febrero\u201d ubicada en la localidad de Ituzaing\u00f3. Con la perspectiva de desplegar una amplia convocatoria para la movilizaci\u00f3n del pr\u00f3ximo 24 de marzo, convencidos de la necesidad gestar una gran marcha popular para ponerle un freno a la avanzada reaccionaria de Milei y compa\u00f1\u00eda, salimos bajo la consigna \u201cContra el genocidio de ayer y hoy: fascismo neoliberal nunca m\u00e1s\u201d. Pese a las inclemencias clim\u00e1ticas, se logr\u00f3 una buena recepci\u00f3n entre los vecinos que circulaban por all\u00ed y nos permiti\u00f3 seguir afianzando el Partido en el territorio.<span class=\"Apple-converted-space\">\u00a0<\/span><\/span><\/p>\n","protected":false},"excerpt":{"rendered":"<p>ITUZAING\u00d3 Por un 24 masivo y antifacista En la tarde del s\u00e1bado 2 de marzo un grupo de camaradas del zonal oeste del conurbano bonaerense estuvieron realizando una volanteada en la plaza \u201c20 de Febrero\u201d ubicada en la localidad de Ituzaing\u00f3. Con la perspectiva de desplegar una amplia convocatoria para la movilizaci\u00f3n del pr\u00f3ximo 24 [&hellip;]<\/p>\n","protected":false},"author":1,"featured_media":25412,"comment_status":"closed","ping_status":"closed","sticky":false,"template":"","format":"standard","meta":{"tdm_status":"","tdm_grid_status":"","footnotes":""},"categories":[4,9],"tags":[],"class_list":["post-25405","post","type-post","status-publish","format-standard","has-post-thumbnail","hentry","category-featured","category-vidadepartido"],"_links":{"self":[{"href":"https:\/\/pcce.com.ar\/pcce\/wp-json\/wp\/v2\/posts\/25405","targetHints":{"allow":["GET"]}}],"collection":[{"href":"https:\/\/pcce.com.ar\/pcce\/wp-json\/wp\/v2\/posts"}],"about":[{"href":"https:\/\/pcce.com.ar\/pcce\/wp-json\/wp\/v2\/types\/post"}],"author":[{"embeddable":true,"href":"https:\/\/pcce.com.ar\/pcce\/wp-json\/wp\/v2\/users\/1"}],"replies":[{"embeddable":true,"href":"https:\/\/pcce.com.ar\/pcce\/wp-json\/wp\/v2\/comments?post=25405"}],"version-history":[{"count":0,"href":"https:\/\/pcce.com.ar\/pcce\/wp-json\/wp\/v2\/posts\/25405\/revisions"}],"wp:featuredmedia":[{"embeddable":true,"href":"https:\/\/pcce.com.ar\/pcce\/wp-json\/wp\/v2\/media\/25412"}],"wp:attachment":[{"href":"https:\/\/pcce.com.ar\/pcce\/wp-json\/wp\/v2\/media?parent=25405"}],"wp:term":[{"taxonomy":"category","embeddable":true,"href":"https:\/\/pcce.com.ar\/pcce\/wp-json\/wp\/v2\/categories?post=25405"},{"taxonomy":"post_tag","embeddable":true,"href":"https:\/\/pcce.com.ar\/pcce\/wp-json\/wp\/v2\/tags?post=25405"}],"curies":[{"name":"wp","href":"https:\/\/api.w.org\/{rel}","templated":true}]}}