{"id":25415,"date":"2024-03-07T10:45:01","date_gmt":"2024-03-07T13:45:01","guid":{"rendered":"https:\/\/pcce.com.ar\/pcce\/?p=25415"},"modified":"2024-03-07T10:45:01","modified_gmt":"2024-03-07T13:45:01","slug":"programa-organizacion-y-salida-politica-quien-le-pone-el-cascabel-al-gato","status":"publish","type":"post","link":"https:\/\/pcce.com.ar\/pcce\/2024\/03\/07\/programa-organizacion-y-salida-politica-quien-le-pone-el-cascabel-al-gato\/","title":{"rendered":"PROGRAMA, ORGANIZACI\u00d3N Y SALIDA POL\u00cdTICA: \u00bfQui\u00e9n le pone el cascabel al gato?"},"content":{"rendered":"<h4 class=\"p1\"><span class=\"s1\">PROGRAMA, ORGANIZACI\u00d3N Y SALIDA POL\u00cdTICA<\/span><\/h4>\n<h1 class=\"p2\"><span class=\"s1\">\u00bfQui\u00e9n le pone el cascabel al gato?<\/span><\/h1>\n<p class=\"p1\"><span class=\"s1\">V<\/span><span class=\"s1\">uelve el pueblo a enfrentar el embate de un enemigo cruel, despiadado y herido de muerte por el avance de los BRICS, de donde nos sac\u00f3 el mesi\u00e1nico vendepatria, licenciado Javier Milei, votado por trabajadores que aun no adquieren conciencia de ser tales, y sectores del pueblo cuyas demandas b\u00e1sicas siguen insatisfechas despu\u00e9s de d\u00e9cadas.<\/span><\/p>\n<p class=\"p2\"><span class=\"s1\">Reaccionario, esencialmente antiobrero y anticomunista, esbirro de ultraderecha de los fondos buitres, sostenido por los monopolios y los grupos econ\u00f3micos c\u00f3mplices y asociados de aquellos, observado con expectativa y temor por un FMI que \u201cquiere la suya\u201d pero es part\u00edcipe necesario del delito, los frutos de su <i>museo de grandes novedades<\/i> ya fueron denunciados \u00a1en 1968! por la CGT de los Argentinos, en su hist\u00f3rica proclama del 1\u00b0 de Mayo: \u201cEl m\u00e9todo que permiti\u00f3 este escandaloso despojo no puede ser m\u00e1s simple. El gobierno (&#8230;) rebaj\u00f3 los aranceles de importaci\u00f3n, los monopolios aplicaron la ley de la selva -el dumping-, los fabricantes nacionales, hundi\u00e9ronse. Esos mismos monopolios, sirvi\u00e9ndose de bancos extranjeros ejecutaron luego a los deudores, llenaron de cr\u00e9ditos a sus mandantes que con dinero argentino compraron a precio de bancarrota las empresas que el capital y el trabajo nacional hab\u00edan levantado en a\u00f1os de esfuerzo y sacrificio. Este es el verdadero rostro de la libre empresa, de la libre entrega, filosof\u00eda oficial del r\u00e9gimen por encima de ilusorias divisiones (&#8230;), incapaces de ocultar la realidad de fondo que son los monopolios en el poder. <i>(Recordemos a Magnetto y su inefable \u2018presidente, puesto menor\u2019).<\/i> Este poder de los monopolios que con una mano aniquila a la empresa privada nacional, con la otra amenaza a las empresas del Estado donde la racionalizaci\u00f3n no es m\u00e1s que el pr\u00f3logo de la entrega, y anuda los \u00faltimos lazos de la dependencia financiera. Es el Fondo Monetario Internacional el que fija el presupuesto del pa\u00eds y decide si nuestra moneda se cotiza o no en los mercados internacionales. (\u2026) El proceso de concentraci\u00f3n monopolista desatado por el gobierno no perdonar\u00e1 un solo rengl\u00f3n de la actividad nacional.\u201d<\/span><\/p>\n<p class=\"p2\"><span class=\"s1\">Y advert\u00eda luego:<\/span><\/p>\n<p class=\"p2\"><span class=\"s1\">\u201cLa participaci\u00f3n que se nos pide es, adem\u00e1s de la ruina de la clase obrera, el consentimiento de la entrega. Y eso no estamos dispuestos a darlo los trabajadores argentinos. (&#8230;) La lucha contra el poder de los monopolios y contra toda forma de penetraci\u00f3n extranjera es misi\u00f3n natural de la clase obrera, que ella no puede declinar. La denuncia de esa penetraci\u00f3n y la resistencia a la entrega de las empresas nacionales de capital privado o estatal son hoy las formas concretas del enfrentamiento.\u201d<span class=\"Apple-converted-space\">\u00a0<\/span><\/span><\/p>\n<p class=\"p2\"><span class=\"s1\">El avance hacia cambios de fondo fue derrotado mediante la dictadura m\u00e1s sangrienta. Las formas de penetraci\u00f3n cambiaron, profundiz\u00e1ndose con el menemismo, la Alianza y el macrismo. Un alt\u00edsimo porcentaje de lo que consumimos sale de la c\u00faspide de los grupos concentrados. Nuevos nombres se agregan a los viejos, Blackrock, Vanguard, etc. Pero algo permanece invariable: a lo largo de 200 a\u00f1os, nuestra patria ha sido gobernada por las clases poseedoras de los medios de producci\u00f3n. Aun durante la d\u00e9cada ganada la fuga de capitales no se detuvo, solo que los d\u00f3lares salieron de una mejor estructura de financiamiento. Cristina admit\u00eda que como presidenta a lo sumo ten\u00eda un 25% del poder.<\/span><\/p>\n<p class=\"p2\"><span class=\"s1\">Es hora de dejar de buscar soluciones m\u00e1gicas en dirigentes providenciales (<i>\u00a1no fue magia!,<\/i> insist\u00eda CFK,<i> \u00a1no vienen por m\u00ed, vienen por ustedes!, <\/i>advert\u00eda). Los trabajadores debemos poner l\u00edmite a los propietarios de los medios fundamentales de producci\u00f3n, nacionales y extranjeros, para la protecci\u00f3n de la Patria y de nuestro pueblo, que constituye el 99% de la poblaci\u00f3n.<span class=\"Apple-converted-space\">\u00a0<\/span><\/span><\/p>\n<p class=\"p2\"><span class=\"s1\">Pero esto no se resuelve con consignas. Es necesario acompa\u00f1ar a una generaci\u00f3n de trabajadores sin experiencia de organizaci\u00f3n o de lucha colectiva. Es necesario organizar las luchas que lleva adelante nuestro pueblo, atender a sus dirigentes naturales, acompa\u00f1ar su aprendizaje, vincular sus reivindicaciones particulares a la confrontaci\u00f3n principal e incorporar sus demandas a un programa audaz, que proponga una soluci\u00f3n de fondo a esos problemas. Es necesario garantizar su cumplimiento poni\u00e9ndolo en manos del pueblo (trabajadores de todos los sectores, estudiantes, docentes, intelectuales, peque\u00f1os y medianos empresarios, PyMEs) a trav\u00e9s de dirigentes honestos y representativos, fieles a la clase asalariada y comprometidos con ese programa.<\/span><\/p>\n<p class=\"p2\"><span class=\"s1\">Como concluye el mencionado documento, \u201cla inmensa mayor\u00eda de los argentinos, sabe que solo el pueblo salvar\u00e1 al pueblo. Agraviados en nuestra dignidad, heridos en nuestros derechos, despojados de nuestras conquistas, venimos a alzar en el punto donde otros las dejaron, viejas banderas de la lucha\u201d.<\/span><\/p>\n<p class=\"p2\"><span class=\"s1\">Vuelven a sonar consignas que el enemigo cre\u00eda derrotadas por la dictadura pero que se mantendr\u00e1n vigentes mientras no se lleve a cabo la segunda y definitiva independencia de la patria: \u00a1PATRIA SI, COLONIA NO! y \u00a1LIBERACI\u00d3N O DEPENDENCIA!<\/span><\/p>\n","protected":false},"excerpt":{"rendered":"<p>PROGRAMA, ORGANIZACI\u00d3N Y SALIDA POL\u00cdTICA \u00bfQui\u00e9n le pone el cascabel al gato? Vuelve el pueblo a enfrentar el embate de un enemigo cruel, despiadado y herido de muerte por el avance de los BRICS, de donde nos sac\u00f3 el mesi\u00e1nico vendepatria, licenciado Javier Milei, votado por trabajadores que aun no adquieren conciencia de ser tales, [&hellip;]<\/p>\n","protected":false},"author":1,"featured_media":25418,"comment_status":"closed","ping_status":"closed","sticky":false,"template":"","format":"standard","meta":{"tdm_status":"","tdm_grid_status":"","footnotes":""},"categories":[17,4],"tags":[],"class_list":["post-25415","post","type-post","status-publish","format-standard","has-post-thumbnail","hentry","category-contratapa","category-featured"],"_links":{"self":[{"href":"https:\/\/pcce.com.ar\/pcce\/wp-json\/wp\/v2\/posts\/25415","targetHints":{"allow":["GET"]}}],"collection":[{"href":"https:\/\/pcce.com.ar\/pcce\/wp-json\/wp\/v2\/posts"}],"about":[{"href":"https:\/\/pcce.com.ar\/pcce\/wp-json\/wp\/v2\/types\/post"}],"author":[{"embeddable":true,"href":"https:\/\/pcce.com.ar\/pcce\/wp-json\/wp\/v2\/users\/1"}],"replies":[{"embeddable":true,"href":"https:\/\/pcce.com.ar\/pcce\/wp-json\/wp\/v2\/comments?post=25415"}],"version-history":[{"count":0,"href":"https:\/\/pcce.com.ar\/pcce\/wp-json\/wp\/v2\/posts\/25415\/revisions"}],"wp:featuredmedia":[{"embeddable":true,"href":"https:\/\/pcce.com.ar\/pcce\/wp-json\/wp\/v2\/media\/25418"}],"wp:attachment":[{"href":"https:\/\/pcce.com.ar\/pcce\/wp-json\/wp\/v2\/media?parent=25415"}],"wp:term":[{"taxonomy":"category","embeddable":true,"href":"https:\/\/pcce.com.ar\/pcce\/wp-json\/wp\/v2\/categories?post=25415"},{"taxonomy":"post_tag","embeddable":true,"href":"https:\/\/pcce.com.ar\/pcce\/wp-json\/wp\/v2\/tags?post=25415"}],"curies":[{"name":"wp","href":"https:\/\/api.w.org\/{rel}","templated":true}]}}