{"id":25435,"date":"2024-04-05T09:26:53","date_gmt":"2024-04-05T12:26:53","guid":{"rendered":"https:\/\/pcce.com.ar\/pcce\/?p=25435"},"modified":"2024-04-05T09:26:53","modified_gmt":"2024-04-05T12:26:53","slug":"industricidio-el-impacto-del-ajuste-neoliberal-en-la-economia-real","status":"publish","type":"post","link":"https:\/\/pcce.com.ar\/pcce\/2024\/04\/05\/industricidio-el-impacto-del-ajuste-neoliberal-en-la-economia-real\/","title":{"rendered":"INDUSTRICIDIO: El impacto del ajuste neoliberal en la econom\u00eda real"},"content":{"rendered":"<h4>INDUSTRICIDIO<\/h4>\n<h1>El impacto del ajuste neoliberal en la econom\u00eda real<\/h1>\n<p class=\"p1\"><span class=\"s1\">El caso de las industrias b\u00e1sicas y estrat\u00e9gicas del pa\u00eds -casi todas en manos de grandes conglomerados monop\u00f3licos- es elocuente: por un lado, sus due\u00f1os aplauden al gobierno y, por el otro, buscan achicarse a costa de la clase trabajadora y de los consumidores en general. Prefieren timbear y sostener sus elevadas tasas de ganancia de esta forma -algo que los comunistas denunciamos desde siempre-. En la metal\u00fargica Acindar (propiedad de ArcelorMittal, con sede en Luxemburgo), la producci\u00f3n est\u00e1 suspendida en sus cuatro plantas debido a la ca\u00edda en las ventas (un derrumbe del 40%), principalmente por el parate de la obra p\u00fablica y los precios impagables de muchos de sus productos. Se espera que sus trabajadores hagan un paro por tiempo indeterminado este mes. En el caso de Techint sucede lo mismo, sin embargo, su CEO Paolo Rocca, sali\u00f3 a apoyar al gobierno, \u00bfel motivo?: la entrega de Vaca Muerta a este grupo monop\u00f3lico y la promesa de Milei de hacer una reforma laboral que deje por el piso los derechos de los trabajadores. A la burgues\u00eda monop\u00f3lica, sobre todo a la transnacionalizada, poco le importa la producci\u00f3n si desde el gobierno le regalan alg\u00fan negociado m\u00e1s rentable.<\/span><\/p>\n<p class=\"p1\"><span class=\"s1\">En cuanto al sector automotriz, que representa el 6% del total del empleo industrial, lleva varias plantas paradas y proyectos suspendidos. La planta de Toyota en Zarate, provincia de Buenos Aires, suspendi\u00f3 inicialmente a 400 trabajadores (se esperan mas) y la de Renault en C\u00f3rdoba despidi\u00f3 a 270 y aplic\u00f3 un plan de retiros voluntarios. La planta en Alvear de General Motors qued\u00f3 directamente parada por un mes.<\/span><\/p>\n<p class=\"p1\"><span class=\"s1\">Tambi\u00e9n la empresa de electrodom\u00e9sticos Longvie, que tiene dos plantas, una en Catamarca y otra en Entre R\u00edos, suspendi\u00f3 al 50% del personal mientras que la Petroqu\u00edmica Rio Tercero lo hizo con el 100% a la espera de que \u201cla cosa mejore\u201d. Incluso en el sector de l\u00ednea blanca y en empresas de bebidas como Coca Cola, Quilmes, CCU y Nestl\u00e9, los derrumbes en ventas son catastr\u00f3ficos y sin perspectiva de mejora.<\/span><\/p>\n<p class=\"p1\"><span class=\"s1\">El sector de la construcci\u00f3n es tambi\u00e9n uno de los m\u00e1s golpeados, particularmente porque dependen mucho de la obra p\u00fablica. El Gobierno de Milei adem\u00e1s adeuda 350 mil millones de pesos a las constructoras por obras paradas que el Estado decidi\u00f3 dejar de pagar. Esto trajo como resultado el despido y la suspensi\u00f3n de unos 100 mil trabajadores desde que el \u201clibertario\u201d asumi\u00f3 como presidente. La situaci\u00f3n en la construcci\u00f3n desmiente la afirmaci\u00f3n del gobierno sobre una pronta recuperaci\u00f3n en forma de \u201cV\u201d despu\u00e9s del ajuste, ya que hist\u00f3ricamente, una ca\u00edda en la construcci\u00f3n precede a un colapso econ\u00f3mico general.<\/span><\/p>\n<h4 class=\"p1\"><strong><span class=\"s1\">Ingresos y consumo<\/span><\/strong><\/h4>\n<p class=\"p1\"><span class=\"s1\">El derrumbe de la industria y sus diversas ramas no se da solamente por la falta de pol\u00edticas industriales, gran parte se debe al derrumbe estrepitoso del consumo popular. El aumento desenfrenado de los precios de la canasta b\u00e1sica destruy\u00f3 los ingresos de la poblaci\u00f3n aumentando la pobreza del 41% a finales del a\u00f1o pasado al 57% en la actualidad. El salario m\u00ednimo, que ronda los 200.000 no alcanza ni para una tercera parte de la canasta familiar, cuyo costo ya se acercaba a los 600.000 pesos en enero (excluyendo el alquiler). Las jubilaciones, que subieron un 27% en marzo, quedaron lej\u00edsimo de la inflaci\u00f3n, que entre diciembre y marzo fue del 75% nominal (si tomamos la acumulada ya supera el 100% en t\u00e9rminos reales). Adem\u00e1s, se espera que los servicios b\u00e1sicos experimenten aumentos extremos en los pr\u00f3ximos meses, desde el transporte p\u00fablico hasta la energ\u00eda y los combustibles. Los precios de los alimentos y otros productos indispensables tambi\u00e9n experimentado aumentos desorbitados. Por ejemplo, el precio del caf\u00e9 aument\u00f3 un 70%, la sal un 60%, los pa\u00f1ales un 65%, y la leche un 37% solo en enero y continuaron con aumentos de dos d\u00edgitos en los siguientes meses; as\u00ed con todos los productos de la canasta b\u00e1sica. El transporte tambi\u00e9n aument\u00f3 considerablemente debido a la retirada de los subsidios y al aumento de la energ\u00eda y los combustibles (en luz y gas se esperan aumentos de cientos por ciento a partir de este mes). En el caso del subte, el precio aumentar\u00e1 a 757 pesos en junio cuando en febrero era de 125 pesos, un 505% en total. Adem\u00e1s, tras la derogaci\u00f3n de la Ley de Alquileres en enero, los precios medios de estos est\u00e1n aumentando en torno al 400% si hay que renovar contrato. Esto est\u00e1 llevando a que muchas familias se queden en la calle.<span class=\"Apple-converted-space\">\u00a0<\/span><\/span><\/p>\n<p class=\"p1\"><span class=\"s1\">La pol\u00edtica de este gobierno entreguista y vendepatria busca dos objetivos centrales: por un lado destruir la industria a su m\u00ednima expresi\u00f3n para convertirnos en una neocolonia atrasada y dependiente del imperialismo y, por el otro, llevar los ingresos de la clase trabajadora a niveles de pa\u00edses subdesarrollados. Tenemos que impedirlo antes que sea demasiado tarde.<\/p>\n<p><\/span><strong><span class=\"s1\">RECESI\u00d3N E INDUSTRICIDIO <\/span><\/strong><\/p>\n<ul>\n<li><span class=\"s1\">-9%<span class=\"Apple-converted-space\">\u00a0<\/span><\/span><span class=\"s1\">es la ca\u00edda de la capacidad instalada de la industria en general que se encuentra en 55% (dato anterior a los parates industriales de marzo).<\/span><\/li>\n<li class=\"p1\"><span class=\"s1\">-32%<span class=\"Apple-converted-space\">\u00a0<\/span><\/span><span class=\"s1\">fue la ca\u00edda del patentamiento automotriz con Milei. La capacidad instala de este sector en enero fue de apenas el 25%.<\/span><\/li>\n<li class=\"p1\"><span class=\"s1\">-40%<span class=\"Apple-converted-space\">\u00a0<\/span><\/span><span class=\"s1\">se derrumb\u00f3 la industria maderera (que afecta tanto a aserraderos como a todo el sector manufacturero de carpinter\u00eda y muebler\u00eda).<\/span><\/li>\n<li class=\"p1\"><span class=\"s1\">-40%<span class=\"Apple-converted-space\">\u00a0<\/span><\/span><span class=\"s1\">cayeron las ventas de la metal\u00fargica<\/span><\/li>\n<li class=\"p1\"><span class=\"s1\">Acindar, que junto con Techint monopolizan el sector del acero.<\/span><\/li>\n<li class=\"p1\"><span class=\"s1\">-30%<span class=\"Apple-converted-space\">\u00a0<\/span><\/span><span class=\"s1\">fue la ca\u00edda de la industria de la construcci\u00f3n privada y pr\u00e1cticamente a cero cay\u00f3 la p\u00fablica.<\/span><\/li>\n<li class=\"p1\"><span class=\"s1\">-45%<span class=\"Apple-converted-space\">\u00a0<\/span><\/span><span class=\"s1\">cay\u00f3 la actividad de la industria<span class=\"Apple-converted-space\">\u00a0<\/span><\/span><span class=\"s1\">indumentaria.<\/span><\/li>\n<\/ul>\n<p><strong><span class=\"s1\">DERRUMBE DE INGRESOS Y CONSUMO<\/span><\/strong><\/p>\n<ul>\n<li class=\"p1\"><span class=\"s1\">-25,5%<span class=\"Apple-converted-space\">\u00a0<\/span><\/span><span class=\"s1\">fue la ca\u00edda del consumo minorista en febrero y el dato de marzo prev\u00e9 otro <\/span><span class=\"s1\">derrumbe similar.<\/span><\/li>\n<li class=\"p1\"><span class=\"s1\">-28%<span class=\"Apple-converted-space\">\u00a0<\/span><\/span><span class=\"s1\">tuvieron de p\u00e9rdida los jubilados en t\u00e9rminos reales y desde el gobierno buscan que los haberes nunca m\u00e1s se recompongan.<\/span><\/li>\n<li class=\"p1\"><span class=\"s1\">-45,8%<span class=\"Apple-converted-space\">\u00a0<\/span><\/span><span class=\"s1\">fue la ca\u00edda del consumo de medicamentos, no solo por la p\u00e9rdida de ingresos sino por la especulaci\u00f3n y desregulaci\u00f3n del sector farmac\u00e9utico.<\/span><\/li>\n<li class=\"p1\"><span class=\"s1\">-27,1%<span class=\"Apple-converted-space\">\u00a0<\/span><\/span><span class=\"s1\">cayeron los salarios del sector privado <\/span><span class=\"s1\">formal en los 100 d\u00edas de Milei.<\/span><\/li>\n<li class=\"p1\"><span class=\"s1\">200.000<span class=\"Apple-converted-space\">\u00a0<\/span><\/span><span class=\"s1\">pesos es el salario m\u00ednimo actual pero la canasta familiar ya supera los 600.000 pesos mensuales.<\/span><\/li>\n<li class=\"p1\"><span class=\"s1\">400%<span class=\"Apple-converted-space\">\u00a0<\/span><\/span><span class=\"s1\">es el aumento de los alquileres que van renovando contrato. Vamos rumbo a una crisis de vivienda muy superior a la que ya ten\u00edamos.<\/span><\/li>\n<\/ul>\n","protected":false},"excerpt":{"rendered":"<p>INDUSTRICIDIO El impacto del ajuste neoliberal en la econom\u00eda real El caso de las industrias b\u00e1sicas y estrat\u00e9gicas del pa\u00eds -casi todas en manos de grandes conglomerados monop\u00f3licos- es elocuente: por un lado, sus due\u00f1os aplauden al gobierno y, por el otro, buscan achicarse a costa de la clase trabajadora y de los consumidores en [&hellip;]<\/p>\n","protected":false},"author":1,"featured_media":25443,"comment_status":"closed","ping_status":"closed","sticky":false,"template":"","format":"standard","meta":{"tdm_status":"","tdm_grid_status":"","footnotes":""},"categories":[4,39],"tags":[],"class_list":["post-25435","post","type-post","status-publish","format-standard","has-post-thumbnail","hentry","category-featured","category-nota-central"],"_links":{"self":[{"href":"https:\/\/pcce.com.ar\/pcce\/wp-json\/wp\/v2\/posts\/25435","targetHints":{"allow":["GET"]}}],"collection":[{"href":"https:\/\/pcce.com.ar\/pcce\/wp-json\/wp\/v2\/posts"}],"about":[{"href":"https:\/\/pcce.com.ar\/pcce\/wp-json\/wp\/v2\/types\/post"}],"author":[{"embeddable":true,"href":"https:\/\/pcce.com.ar\/pcce\/wp-json\/wp\/v2\/users\/1"}],"replies":[{"embeddable":true,"href":"https:\/\/pcce.com.ar\/pcce\/wp-json\/wp\/v2\/comments?post=25435"}],"version-history":[{"count":0,"href":"https:\/\/pcce.com.ar\/pcce\/wp-json\/wp\/v2\/posts\/25435\/revisions"}],"wp:featuredmedia":[{"embeddable":true,"href":"https:\/\/pcce.com.ar\/pcce\/wp-json\/wp\/v2\/media\/25443"}],"wp:attachment":[{"href":"https:\/\/pcce.com.ar\/pcce\/wp-json\/wp\/v2\/media?parent=25435"}],"wp:term":[{"taxonomy":"category","embeddable":true,"href":"https:\/\/pcce.com.ar\/pcce\/wp-json\/wp\/v2\/categories?post=25435"},{"taxonomy":"post_tag","embeddable":true,"href":"https:\/\/pcce.com.ar\/pcce\/wp-json\/wp\/v2\/tags?post=25435"}],"curies":[{"name":"wp","href":"https:\/\/api.w.org\/{rel}","templated":true}]}}