{"id":25474,"date":"2024-05-03T18:24:20","date_gmt":"2024-05-03T21:24:20","guid":{"rendered":"https:\/\/pcce.com.ar\/pcce\/?p=25474"},"modified":"2024-05-03T18:24:20","modified_gmt":"2024-05-03T21:24:20","slug":"quilmes-siempre-junto-a-cfk","status":"publish","type":"post","link":"https:\/\/pcce.com.ar\/pcce\/2024\/05\/03\/quilmes-siempre-junto-a-cfk\/","title":{"rendered":"Quilmes: Siempre junto a CFK"},"content":{"rendered":"<h4>Quilmes<\/h4>\n<h1>Siempre junto a CFK<\/h1>\n<p class=\"p1\"><span class=\"s1\">E<\/span><span class=\"s1\">n un acto encabezado por la compa\u00f1era Cristina, camaradas de diversos municipios del sur del conurbano (Quilmes, Brown, Avellaneda y Lomas) estuvimos presentes en la inauguraci\u00f3n del microestadio N\u00e9stor Kirchner de Quilmes, conmemorando los 21 a\u00f1os desde el triunfo de N\u00e9stor en el 2003. En una jornada repleta de pueblo y militancia, Cristina critic\u00f3 el programa econ\u00f3mico de Milei, denunciando lo in\u00fatil del ajuste que est\u00e1 realizando, adem\u00e1s de los planes catastr\u00f3ficos que se plantea a futuro: como la privatizaci\u00f3n de empresas o la extranjerizaci\u00f3n de nuestros recursos naturales. Adem\u00e1s tild\u00f3 al gobierno de \u201canarco-colonialista\u201d y \u201cpre-capitalista\u201d, marcando lo preocupante del retroceso hist\u00f3rico que estamos viviendo y la necesidad de organizarnos y formarnos como militantes.<\/span><\/p>\n","protected":false},"excerpt":{"rendered":"<p>Quilmes Siempre junto a CFK En un acto encabezado por la compa\u00f1era Cristina, camaradas de diversos municipios del sur del conurbano (Quilmes, Brown, Avellaneda y Lomas) estuvimos presentes en la inauguraci\u00f3n del microestadio N\u00e9stor Kirchner de Quilmes, conmemorando los 21 a\u00f1os desde el triunfo de N\u00e9stor en el 2003. En una jornada repleta de pueblo [&hellip;]<\/p>\n","protected":false},"author":1,"featured_media":25483,"comment_status":"closed","ping_status":"closed","sticky":false,"template":"","format":"standard","meta":{"tdm_status":"","tdm_grid_status":"","footnotes":""},"categories":[4,9],"tags":[],"class_list":["post-25474","post","type-post","status-publish","format-standard","has-post-thumbnail","hentry","category-featured","category-vidadepartido"],"_links":{"self":[{"href":"https:\/\/pcce.com.ar\/pcce\/wp-json\/wp\/v2\/posts\/25474","targetHints":{"allow":["GET"]}}],"collection":[{"href":"https:\/\/pcce.com.ar\/pcce\/wp-json\/wp\/v2\/posts"}],"about":[{"href":"https:\/\/pcce.com.ar\/pcce\/wp-json\/wp\/v2\/types\/post"}],"author":[{"embeddable":true,"href":"https:\/\/pcce.com.ar\/pcce\/wp-json\/wp\/v2\/users\/1"}],"replies":[{"embeddable":true,"href":"https:\/\/pcce.com.ar\/pcce\/wp-json\/wp\/v2\/comments?post=25474"}],"version-history":[{"count":0,"href":"https:\/\/pcce.com.ar\/pcce\/wp-json\/wp\/v2\/posts\/25474\/revisions"}],"wp:featuredmedia":[{"embeddable":true,"href":"https:\/\/pcce.com.ar\/pcce\/wp-json\/wp\/v2\/media\/25483"}],"wp:attachment":[{"href":"https:\/\/pcce.com.ar\/pcce\/wp-json\/wp\/v2\/media?parent=25474"}],"wp:term":[{"taxonomy":"category","embeddable":true,"href":"https:\/\/pcce.com.ar\/pcce\/wp-json\/wp\/v2\/categories?post=25474"},{"taxonomy":"post_tag","embeddable":true,"href":"https:\/\/pcce.com.ar\/pcce\/wp-json\/wp\/v2\/tags?post=25474"}],"curies":[{"name":"wp","href":"https:\/\/api.w.org\/{rel}","templated":true}]}}