{"id":25475,"date":"2024-05-03T18:24:10","date_gmt":"2024-05-03T21:24:10","guid":{"rendered":"https:\/\/pcce.com.ar\/pcce\/?p=25475"},"modified":"2024-05-03T18:24:10","modified_gmt":"2024-05-03T21:24:10","slug":"la-matanza-por-un-1o-de-mayo-obrero-y-popular","status":"publish","type":"post","link":"https:\/\/pcce.com.ar\/pcce\/2024\/05\/03\/la-matanza-por-un-1o-de-mayo-obrero-y-popular\/","title":{"rendered":"La Matanza: Por un 1\u00ba de mayo obrero y popular"},"content":{"rendered":"<h4>LA MATANZA<\/h4>\n<h1>Por un 1\u00ba de mayo obrero y popular<\/h1>\n<p class=\"p1\"><span class=\"s1\">E<\/span><span class=\"s1\">n la tarde del s\u00e1bado 28 de abril, la Plaza Ej\u00e9rcito de los Andes en la localidad de Gregorio de Laferrere fue centro de una nueva jornada de actividades del Partido. Bajo la consigna \u201c1 de Mayo Obrero y Popular: Contra el ajuste, los recortes y la represi\u00f3n a los laburantes: \u00a1Todos a la calle!\u201d, la militancia comunista matancera sali\u00f3 a dar la discusi\u00f3n con los vecinos con la perspectiva de generar una masiva convocatoria a la movilizaci\u00f3n del pr\u00f3ximo D\u00eda Internacional de los Trabajadores. Convencidos de que el rumbo marcado por la multitudinaria movilizaci\u00f3n en defensa de la educaci\u00f3n p\u00fablica sienta las bases de un sendero de lucha y organizaci\u00f3n contra la avanzada neoliberal, salimos con la m\u00edstica y la impronta partidaria de cara a una jornada m\u00e1s en defensa del pueblo trabajador y de la Patria.<\/span><\/p>\n","protected":false},"excerpt":{"rendered":"<p>LA MATANZA Por un 1\u00ba de mayo obrero y popular En la tarde del s\u00e1bado 28 de abril, la Plaza Ej\u00e9rcito de los Andes en la localidad de Gregorio de Laferrere fue centro de una nueva jornada de actividades del Partido. Bajo la consigna \u201c1 de Mayo Obrero y Popular: Contra el ajuste, los recortes [&hellip;]<\/p>\n","protected":false},"author":1,"featured_media":25484,"comment_status":"closed","ping_status":"closed","sticky":false,"template":"","format":"standard","meta":{"tdm_status":"","tdm_grid_status":"","footnotes":""},"categories":[4,9],"tags":[],"class_list":["post-25475","post","type-post","status-publish","format-standard","has-post-thumbnail","hentry","category-featured","category-vidadepartido"],"_links":{"self":[{"href":"https:\/\/pcce.com.ar\/pcce\/wp-json\/wp\/v2\/posts\/25475","targetHints":{"allow":["GET"]}}],"collection":[{"href":"https:\/\/pcce.com.ar\/pcce\/wp-json\/wp\/v2\/posts"}],"about":[{"href":"https:\/\/pcce.com.ar\/pcce\/wp-json\/wp\/v2\/types\/post"}],"author":[{"embeddable":true,"href":"https:\/\/pcce.com.ar\/pcce\/wp-json\/wp\/v2\/users\/1"}],"replies":[{"embeddable":true,"href":"https:\/\/pcce.com.ar\/pcce\/wp-json\/wp\/v2\/comments?post=25475"}],"version-history":[{"count":0,"href":"https:\/\/pcce.com.ar\/pcce\/wp-json\/wp\/v2\/posts\/25475\/revisions"}],"wp:featuredmedia":[{"embeddable":true,"href":"https:\/\/pcce.com.ar\/pcce\/wp-json\/wp\/v2\/media\/25484"}],"wp:attachment":[{"href":"https:\/\/pcce.com.ar\/pcce\/wp-json\/wp\/v2\/media?parent=25475"}],"wp:term":[{"taxonomy":"category","embeddable":true,"href":"https:\/\/pcce.com.ar\/pcce\/wp-json\/wp\/v2\/categories?post=25475"},{"taxonomy":"post_tag","embeddable":true,"href":"https:\/\/pcce.com.ar\/pcce\/wp-json\/wp\/v2\/tags?post=25475"}],"curies":[{"name":"wp","href":"https:\/\/api.w.org\/{rel}","templated":true}]}}